{"id":1487,"date":"2016-12-01T10:23:35","date_gmt":"2016-12-01T10:23:35","guid":{"rendered":"http:\/\/www.joenessa.org\/ca\/la-oficina-de-juventud-del-conselh-generau-daran-dispone-ocho-puntos-de-informacion-sobre-el-sida\/"},"modified":"2017-06-02T09:08:13","modified_gmt":"2017-06-02T09:08:13","slug":"loficina-de-joventut-del-conselh-generau-daran-fica-vuit-punts-dinformacio-sobre-la-sida","status":"publish","type":"post","link":"https:\/\/www.joenessa.org\/ca\/loficina-de-joventut-del-conselh-generau-daran-fica-vuit-punts-dinformacio-sobre-la-sida\/","title":{"rendered":"L\u2019Oficina de Joventut del Conselh Generau d\u2019Aran fica vuit punts d\u2019informaci\u00f3 sobre la SIDA"},"content":{"rendered":"<p><img decoding=\"async\" class=\"alignnone wp-image-1178 size-full\" src=\"http:\/\/www.joenessa.org\/wp-content\/uploads\/2017\/01\/dia-mondiau-contra-sida-2016-768x1024.jpg\" alt=\"dia-mondiau-contra-sida-2016-768x1024\" width=\"768\" height=\"1024\" srcset=\"https:\/\/www.joenessa.org\/wp-content\/uploads\/2017\/01\/dia-mondiau-contra-sida-2016-768x1024-225x300.jpg 225w, https:\/\/www.joenessa.org\/wp-content\/uploads\/2017\/01\/dia-mondiau-contra-sida-2016-768x1024.jpg 768w\" sizes=\"(max-width: 768px) 100vw, 768px\" \/><\/p>\n<p>Amb motiu del Dia mundial de la lluita contra la SIDA, el Conselh Generau d\u2019Aran a trav\u00e9s de l\u2019Oficina de Joventut ha ficat vuit punts d\u2019informaci\u00f3 repartits per la Val d\u2019Aran que tracten sobre aquesta malaltia. Cada punt acull material informatiu. Els punts d\u2019informaci\u00f3 s\u2019han distribu\u00eft al llarg del territori aran\u00e8s: en el punt Omnia eth Haro de Les; en la zona esportiva de Boss\u00f2st; a l\u2019Hospital Val d\u2019Aran; en el Centre de Formaci\u00f3 d\u2019Adults; en l\u2019Institut d\u2019Aran, en l\u2019Oficina de Joventut, en la seu del Conselh Generau d\u2019Aran i en l\u2019Alberg de Salard\u00fa.<\/p>\n<p>En paraules de la conselh\u00e8ra de Salut i Benestar d\u2019Aran, <strong>Anna D\u00edaz: \u201cAmb aquests punts es vol informar als nois i noies sobre la prevenci\u00f3 del VIH, les malalties de transmissi\u00f3 sexual i els embarassos no desitjats i sobre les accions de suport a les persones, col\u2022lectius, familiars o comunitats afectades per la malaltia i la seva estigmatitzaci\u00f3\u201d.<\/strong><\/p>\n","protected":false},"excerpt":{"rendered":"<p>Amb motiu del Dia mundial de la lluita contra la [&hellip;]<\/p>\n","protected":false},"author":3,"featured_media":1178,"comment_status":"open","ping_status":"open","sticky":false,"template":"","format":"standard","meta":[],"categories":[11,3],"tags":[],"_links":{"self":[{"href":"https:\/\/www.joenessa.org\/ca\/wp-json\/wp\/v2\/posts\/1487"}],"collection":[{"href":"https:\/\/www.joenessa.org\/ca\/wp-json\/wp\/v2\/posts"}],"about":[{"href":"https:\/\/www.joenessa.org\/ca\/wp-json\/wp\/v2\/types\/post"}],"author":[{"embeddable":true,"href":"https:\/\/www.joenessa.org\/ca\/wp-json\/wp\/v2\/users\/3"}],"replies":[{"embeddable":true,"href":"https:\/\/www.joenessa.org\/ca\/wp-json\/wp\/v2\/comments?post=1487"}],"version-history":[{"count":1,"href":"https:\/\/www.joenessa.org\/ca\/wp-json\/wp\/v2\/posts\/1487\/revisions"}],"predecessor-version":[{"id":1489,"href":"https:\/\/www.joenessa.org\/ca\/wp-json\/wp\/v2\/posts\/1487\/revisions\/1489"}],"wp:featuredmedia":[{"embeddable":true,"href":"https:\/\/www.joenessa.org\/ca\/wp-json\/wp\/v2\/media\/1178"}],"wp:attachment":[{"href":"https:\/\/www.joenessa.org\/ca\/wp-json\/wp\/v2\/media?parent=1487"}],"wp:term":[{"taxonomy":"category","embeddable":true,"href":"https:\/\/www.joenessa.org\/ca\/wp-json\/wp\/v2\/categories?post=1487"},{"taxonomy":"post_tag","embeddable":true,"href":"https:\/\/www.joenessa.org\/ca\/wp-json\/wp\/v2\/tags?post=1487"}],"curies":[{"name":"wp","href":"https:\/\/api.w.org\/{rel}","templated":true}]}}