{"id":1491,"date":"2016-10-29T10:23:59","date_gmt":"2016-10-29T10:23:59","guid":{"rendered":"http:\/\/www.joenessa.org\/ca\/el-vicesindic-de-aran-luis-carlos-medina-se-reune-con-la-directora-general-de-juventud-marta-vilalta\/"},"modified":"2017-06-02T09:06:08","modified_gmt":"2017-06-02T09:06:08","slug":"el-vicesindic-daran-luis-carlos-medina-es-reuneix-amb-la-directora-general-de-joventut-marta-vilalta","status":"publish","type":"post","link":"https:\/\/www.joenessa.org\/ca\/el-vicesindic-daran-luis-carlos-medina-es-reuneix-amb-la-directora-general-de-joventut-marta-vilalta\/","title":{"rendered":"El vicesindic d\u2019Aran, Luis Carlos Medina, es reuneix amb la directora general de Joventut, Marta Vilalta"},"content":{"rendered":"<ul>\n<li><strong>El vicesindic d\u2019Aran i la directora general de Joventut han anunciat que finalment es podran contractar a cinc joves en pr\u00e0ctiques professionals per tal de millorar el seu curr\u00edculum.<\/strong><\/li>\n<li><strong>Aquests contractes s\u2019emmarquen dins del Programa Garantia Juvenil.<\/strong><\/li>\n<li><strong>Garantia Juvenil \u00e9s una iniciativa de la Uni\u00f3 Europea per reduir l\u2019atur juvenil, que ofereix incentius per a la contractaci\u00f3 que es poden compatibilitzar amb les subvencions que preveuen els programes del SOC.<\/strong><\/li>\n<\/ul>\n<p>El vicesindic d\u2019Aran, <strong>Luis Carlos Medina<\/strong>, s\u2019ha reunit a la seu del Conselh Generau d\u2019Aran amb la directora de Joventut de la Generalitat de Catalunya, <strong>Marta Vilalta<\/strong>, que ha realitzat una visita a la Val d\u2019Aran per con\u00e8ixer de primera m\u00e0 les pol\u00edtiques de joventut que realitza el Gov\u00e8rn d\u2019Aran.<\/p>\n<p>El Conselh Generau d\u2019Aran t\u00e9 transferida la compet\u00e8ncia de Joventut i compta amb una oficina d\u2019atenci\u00f3 al jovent per tal de respondre a les oportunitats dels joves.<\/p>\n<p>&nbsp;<\/p>\n<p><img decoding=\"async\" class=\"aligncenter size-large wp-image-14540\" src=\"http:\/\/www.conselharan.org\/wp-content\/uploads\/2016\/10\/DSC_0440-1024x685.jpg\" sizes=\"(max-width: 1024px) 100vw, 1024px\" srcset=\"http:\/\/www.conselharan.org\/wp-content\/uploads\/2016\/10\/DSC_0440-1024x685.jpg 1024w, http:\/\/www.conselharan.org\/wp-content\/uploads\/2016\/10\/DSC_0440-300x201.jpg 300w, http:\/\/www.conselharan.org\/wp-content\/uploads\/2016\/10\/DSC_0440-768x514.jpg 768w\" alt=\"DSC_0440\" width=\"1024\" height=\"685\" \/><\/p>\n<p>&nbsp;<\/p>\n<p>Durant la reuni\u00f3, on tamb\u00e9 han assistit les t\u00e8cniques del Departament de Joventut del Conselh Generau d\u2019Aran: Vanessa Cun\u00ed, Estefan\u00eda Revilla, Estefania Deobarro i la coordinadora territorial de Joventut a Lleida, Esperan\u00e7a Casas; el vicesindic d\u2019Aran, Luis Carlos Medina, i la directora general de Joventut, Marta Vilalta, <strong>han publicitat que el Gov\u00e8rn d\u2019Aran podr\u00e0 contractar a cinc joves en pr\u00e0ctiques professionals per tal de millorar el seu curr\u00edculum i facilitar la seva incorporaci\u00f3 al mercat laboral. Aquest contractes s\u2019emmarquen dins del Programa Garantia Juvenil.<\/strong><\/p>\n<p>Garantia Juvenil \u00e9s una iniciativa de la Uni\u00f3 Europea per reduir l\u2019atur juvenil, que ofereix incentius per a la contractaci\u00f3 que es poden compatibilitzar amb les subvencions que preveuen els programes del SOC. Amb tot, es poden reduir les cotitzacions socials de l\u2019empresa fins a un 100% si es contracten joves inscrits al programa. L\u2019objectiu del Garantia Juvenil \u00e9s <strong>garantir que joves de 16 a 29 anys rebin una oferta de treball, educaci\u00f3 i formaci\u00f3, en un termini de 4 mesos despr\u00e9s de finalitzar l\u2019educaci\u00f3 formal<\/strong>. Garantia juvenil inclou un total de 100 mesures per facilitar la inserci\u00f3 dels joves al mercat laboral, el foment de l\u2019esperit emprenedor, aix\u00ed com la millora de l\u2019ocupabilitat.<\/p>\n<p>Des del Departament de Joventut del Conselh Generau d\u2019Aran es treballa per aconseguir els objectius que marca el programa del Garantia Juvenil amb la col\u2022laboraci\u00f3 de la Direcci\u00f3 General de Joventut de la Generalitat.<\/p>\n<p>&nbsp;<\/p>\n<p>&nbsp;<\/p>\n<p>&nbsp;<\/p>\n<p>&nbsp;<\/p>\n<p><em>Fuente:Conselh Generau d\u2019Aran<\/em><\/p>\n","protected":false},"excerpt":{"rendered":"<p>El vicesindic d\u2019Aran i la directora general de Joventut han [&hellip;]<\/p>\n","protected":false},"author":3,"featured_media":1182,"comment_status":"open","ping_status":"open","sticky":false,"template":"","format":"standard","meta":[],"categories":[11,3],"tags":[],"_links":{"self":[{"href":"https:\/\/www.joenessa.org\/ca\/wp-json\/wp\/v2\/posts\/1491"}],"collection":[{"href":"https:\/\/www.joenessa.org\/ca\/wp-json\/wp\/v2\/posts"}],"about":[{"href":"https:\/\/www.joenessa.org\/ca\/wp-json\/wp\/v2\/types\/post"}],"author":[{"embeddable":true,"href":"https:\/\/www.joenessa.org\/ca\/wp-json\/wp\/v2\/users\/3"}],"replies":[{"embeddable":true,"href":"https:\/\/www.joenessa.org\/ca\/wp-json\/wp\/v2\/comments?post=1491"}],"version-history":[{"count":1,"href":"https:\/\/www.joenessa.org\/ca\/wp-json\/wp\/v2\/posts\/1491\/revisions"}],"predecessor-version":[{"id":1493,"href":"https:\/\/www.joenessa.org\/ca\/wp-json\/wp\/v2\/posts\/1491\/revisions\/1493"}],"wp:featuredmedia":[{"embeddable":true,"href":"https:\/\/www.joenessa.org\/ca\/wp-json\/wp\/v2\/media\/1182"}],"wp:attachment":[{"href":"https:\/\/www.joenessa.org\/ca\/wp-json\/wp\/v2\/media?parent=1491"}],"wp:term":[{"taxonomy":"category","embeddable":true,"href":"https:\/\/www.joenessa.org\/ca\/wp-json\/wp\/v2\/categories?post=1491"},{"taxonomy":"post_tag","embeddable":true,"href":"https:\/\/www.joenessa.org\/ca\/wp-json\/wp\/v2\/tags?post=1491"}],"curies":[{"name":"wp","href":"https:\/\/api.w.org\/{rel}","templated":true}]}}