{"id":1495,"date":"2016-04-28T10:33:47","date_gmt":"2016-04-28T10:33:47","guid":{"rendered":"http:\/\/www.joenessa.org\/ca\/ayudas-para-los-estudiantes-universitariosas-para-el-curso-20152016\/"},"modified":"2017-06-02T09:13:39","modified_gmt":"2017-06-02T09:13:39","slug":"ajudes-pels-estudiants-universitarises-pel-curs-20152016","status":"publish","type":"post","link":"https:\/\/www.joenessa.org\/ca\/ajudes-pels-estudiants-universitarises-pel-curs-20152016\/","title":{"rendered":"Ajudes pels estudiants universitaris\/es pel curs 2015\/2016"},"content":{"rendered":"<p><strong>Perqu\u00e8 cap jove de la Val d\u2019Aran es quedi sense poder participar en aquesta convocat\u00f2ria, l\u2019Oficina de Joventut del Conselh General d\u2019Aran facilitar\u00e0 la tramitaci\u00f3 de la documentaci\u00f3 d\u2019aquesta l\u00ednia d\u2019ajut.<\/strong><\/p>\n<p><strong>Per sol\u2022licitar aquest ajut es poden adre\u00e7ar a l\u2019Oficina de Joventut amb cita pr\u00e8via, situada en el Carrer Major 36, en horari d\u2019atenci\u00f3 al p\u00fablic: de dilluns a divendres de 10:00 a 14:00 hores. Tel\u00e8fon: 973642560.<\/strong><\/p>\n<p><strong>El terme per presentar les sol\u2022licituds ser\u00e0 fins al proper dia 29 d\u2019abril de 2016.<\/strong><\/p>\n<p>&nbsp;<\/p>\n<p><a href=\"http:\/\/www.conselharan.org\/wp-content\/uploads\/2016\/04\/pencils.jpg\"><img decoding=\"async\" class=\"aligncenter size-full wp-image-11262\" src=\"http:\/\/www.conselharan.org\/wp-content\/uploads\/2016\/04\/pencils.jpg\" sizes=\"(max-width: 676px) 100vw, 676px\" srcset=\"http:\/\/www.conselharan.org\/wp-content\/uploads\/2016\/04\/pencils.jpg 676w, http:\/\/www.conselharan.org\/wp-content\/uploads\/2016\/04\/pencils-300x195.jpg 300w\" alt=\"pencils\" width=\"676\" height=\"439\" \/><\/a><\/p>\n<p>&nbsp;<\/p>\n<p>El Conselh Generau d\u2019Aran, mitjan\u00e7ant l\u2019Oficina de Joventut,<strong> donar\u00e0 suport a la convocat\u00f2ria<\/strong> de les ajudes pels estudiants universitaris dels territoris d\u2019Aran i de l\u2019Alt Pirineu (APA).<\/p>\n<p>Aquestes ajudes es concediran per la mobilitat, aquesta mobilitat es compren com despla\u00e7ament i allotjament fora de la comarca on es t\u00e9 la resid\u00e8ncia familiar. Poden ser beneficiaris els estudiants que compleixin els requisits que segueixen:<\/p>\n<p><strong>Requisits generals:<\/strong><\/p>\n<p>1. Tenir la nacionalitat espanyola o d\u2019algun estat membre de la Uni\u00f3 Europea. En cas dels estudiants estrangers no comunitaris han d\u2019acreditar la seva condici\u00f3 de residents.<\/p>\n<p>2. Residir en una de les set comarques: Aran, Alt Urgell, Alta Ribagor\u00e7a, Cerdanya, Pallars Juss\u00e0, Pallars Sobir\u00e0 i Solson\u00e8s, com a m\u00ednim des de l\u20191 de gener de 2013.<\/p>\n<p><strong>Requisits acad\u00e8mics:<\/strong><\/p>\n<p>1. Estar inscrit o inscrita en una universitat del sistema universitari catal\u00e0 el curs 2015-2016 en uns estudis encaminats a l\u2019obtenci\u00f3 d\u2019un t\u00edtol oficial de grau, llicenciatura, enginyeria, arquitectura, diplomatura o ensenyaments universitaris t\u00e8cnics.<\/p>\n<p>2. Estar inscrit o inscrita en uns estudis que s\u2019imparteixin de manera presencial.<\/p>\n<p>3. En els estudis de grau, estar inscrit o inscrita en el curs actual de 60 cr\u00e8dits, en el cas d\u2019inscripci\u00f3 pel curs complet, o de 30 cr\u00e8dits, en els casos d\u2019inscripci\u00f3 semestral, per cada semestre. En el cas d\u2019inscriure\u2019s en un nombre inferior de cr\u00e8dits, cal aportar una acreditaci\u00f3 del centre que justifiqui que s\u2019ha inscrit del nombre m\u00e0xim de cr\u00e8dits d\u2019acord amb l\u2019organitzaci\u00f3 administrativa del centre. No es poden acollir a aquesta opci\u00f3 els alumnes que, a causa del seu rendiment acad\u00e8mic en els cursos anteriors, no s\u2019hagin pogut inscriure en el nombre de cr\u00e8dits prevists.<\/p>\n<p>4. Haver superat el 80% dels cr\u00e8dits inscrits en el curs anterior o en l\u2019\u00faltim curs efectuat en els ensenyaments no t\u00e8cnics (branques de coneixement d\u2019arts i humanitats, ci\u00e8ncies, ci\u00e8ncies de la salut i ci\u00e8ncies socials i jur\u00eddiques) i el 60%, en cas dels ensenyaments t\u00e8cnics (branques de coneixement d\u2019enginyeria i arquitectura), nom\u00e9s en cas de les persones sol\u2022licitants que no inicien pel primer cop estudis universitaris el curs 2015-2016).<\/p>\n<p>5. Romanen exclosos d\u2019aquesta convocat\u00f2ria les persones que tinguin alguna titulaci\u00f3 universit\u00e0ria superior i les persones que tinguin la independ\u00e8ncia familiar i econ\u00f2mica de la seva unitat familiar.<\/p>\n<p><strong>Requisits econ\u00f2mics:<\/strong><\/p>\n<p>No s\u2019ha de sobrepassar els l\u00edmits de renda familiar disponible i de patrimoni establert.<\/p>\n<p>L\u2019import m\u00e0xim per cada ajuda ser\u00e0 2.000 euros.<\/p>\n<p><strong>Sol\u2022licituds i documentaci\u00f3:<\/strong><\/p>\n<p>La sol\u2022licitud s\u2019ha de completar mitjan\u00e7ant el formulari accessible via Internet a trav\u00e9s de la seu electr\u00f2nica de la Generalitat de Catalunya. (<a href=\"http:\/\/www.butlletilocaldesubvencions.com\/getHTML.cgi?Op=1&amp;Id=MjEzNjQ&amp;CodC=NDg2\" target=\"_blank\">http:\/\/www.butlletilocaldesubvencions.com\/getHTML.cgi?Op=1&amp;Id=MjEzNjQ&amp;CodC=NDg2<\/a>)<\/p>\n<p><strong>Documentaci\u00f3 adjunta:<\/strong><\/p>\n<p>\u2013 Fotoc\u00f2pia del document nacional d\u2019identitat del\/ de la sol\u2022licitant i de tots els membres computables de la unitat familiar majors de 14 anys.<\/p>\n<p>\u2013 N\u00famero del compte bancari de la persona sol\u2022licitant.<\/p>\n<p>\u2013 Certificat municipal de conviv\u00e8ncia on consta la data d\u2019inscripci\u00f3 en el padr\u00f3 de la persona sol\u2022licitant en un municipi de les comarques esmentades, almenys des de l\u20191 de gener de 2013. En el cas que les persones s\u2019hagin empadronat posteriorment a l\u20191 de gener de 2013, a m\u00e9s del certificat de conviv\u00e8ncia on consta la data d\u2019alta del padr\u00f3 municipal de tota la unitat familiar, cal presentar la documentaci\u00f3 acreditativa del centre d\u2019ensenyament on la persona sol\u2022licitant ha estudiat el curs 2013-2014 i\/o qualsevol altra documentaci\u00f3 que sigui acreditativa d\u2019aquesta circumst\u00e0ncia.<\/p>\n<p>\u2013 Fotoc\u00f2pia de l\u2019impr\u00e8s de la matr\u00edcula universit\u00e0ria corresponent al curs 2015-2016 amb l\u2019acreditaci\u00f3 que s\u2019ha fet efectiu el pagament. Si s\u2019ha optat per matr\u00edcula semestral, cal presentar la dels dos semestres.<\/p>\n<p>\u2013 Fotoc\u00f2pia de l\u2019impr\u00e8s de la matr\u00edcula universit\u00e0ria corresponent al curs 2014-2015. Si s\u2019ha optat per matr\u00edcula semestral, cal presentar la dels dos semestres (nom\u00e9s en el cas de les persones sol\u2022licitants que no inicien pel primer cop estudis universitaris el curs 2015-2016).<\/p>\n<p>\u2013 Certificaci\u00f3 acad\u00e8mica completa, on consten les assignatures i la convocat\u00f2ria en qu\u00e8 s\u2019han obtingut, en el cas de les persones sol\u2022licitants que no cursen per primera vegada estudis universitaris. En aquesta certificaci\u00f3 tamb\u00e9 ha de constar, de manera clara, el total de cr\u00e8dits matriculats i el total de cr\u00e8dits aprovats en el curs acad\u00e8mic 2014-2015.<\/p>\n<p>\u2013 En el cas de les persones sol\u2022licitants que cursen per primera vegada estudis universitaris nota PAU.<\/p>\n<p>\u2013 En els casos que l\u2019estudiant no s\u2019hagi matriculat de la quantitat de cr\u00e8dits exigits per la convocat\u00f2ria, cal justificar que s\u2019ha matriculat del nombre m\u00e0xim de cr\u00e8dits d\u2019acord amb l\u2019organitzaci\u00f3 administrativa del centre o pel motiu de finalitzar els estudis.<\/p>\n<p>Perqu\u00e8 cap jove de la Val d\u2019Aran es quedi sense poder participar en aquesta convocat\u00f2ria, l\u2019Oficina de Joventut del Conselh General d\u2019Aran facilitar\u00e0 la tramitaci\u00f3 de la documentaci\u00f3 d\u2019aquesta l\u00ednia d\u2019ajut.<\/p>\n<p><strong>Per sol\u2022licitar aquest ajut es poden adre\u00e7ar a l\u2019Oficina de Joventut amb cita pr\u00e8via, situada en el Carrer Major 36, en horari d\u2019atenci\u00f3 al p\u00fablic: de dilluns a divendres de 10:00 a 14:00 hores. Tel\u00e8fon: 973642560.<\/strong><\/p>\n<p><strong>El terme per presentar les sol\u2022licituds ser\u00e0 fins al proper dia 29 d\u2019abril de 2016.<\/strong><\/p>\n<p>&nbsp;<\/p>\n<p>&nbsp;<\/p>\n<p>&nbsp;<\/p>\n<p><em>Fuente:Conselh Generau d\u2019Aran<\/em><\/p>\n","protected":false},"excerpt":{"rendered":"<p>Perqu\u00e8 cap jove de la Val d\u2019Aran es quedi sense [&hellip;]<\/p>\n","protected":false},"author":3,"featured_media":1186,"comment_status":"closed","ping_status":"closed","sticky":true,"template":"","format":"standard","meta":[],"categories":[11,3],"tags":[],"_links":{"self":[{"href":"https:\/\/www.joenessa.org\/ca\/wp-json\/wp\/v2\/posts\/1495"}],"collection":[{"href":"https:\/\/www.joenessa.org\/ca\/wp-json\/wp\/v2\/posts"}],"about":[{"href":"https:\/\/www.joenessa.org\/ca\/wp-json\/wp\/v2\/types\/post"}],"author":[{"embeddable":true,"href":"https:\/\/www.joenessa.org\/ca\/wp-json\/wp\/v2\/users\/3"}],"replies":[{"embeddable":true,"href":"https:\/\/www.joenessa.org\/ca\/wp-json\/wp\/v2\/comments?post=1495"}],"version-history":[{"count":1,"href":"https:\/\/www.joenessa.org\/ca\/wp-json\/wp\/v2\/posts\/1495\/revisions"}],"predecessor-version":[{"id":1498,"href":"https:\/\/www.joenessa.org\/ca\/wp-json\/wp\/v2\/posts\/1495\/revisions\/1498"}],"wp:featuredmedia":[{"embeddable":true,"href":"https:\/\/www.joenessa.org\/ca\/wp-json\/wp\/v2\/media\/1186"}],"wp:attachment":[{"href":"https:\/\/www.joenessa.org\/ca\/wp-json\/wp\/v2\/media?parent=1495"}],"wp:term":[{"taxonomy":"category","embeddable":true,"href":"https:\/\/www.joenessa.org\/ca\/wp-json\/wp\/v2\/categories?post=1495"},{"taxonomy":"post_tag","embeddable":true,"href":"https:\/\/www.joenessa.org\/ca\/wp-json\/wp\/v2\/tags?post=1495"}],"curies":[{"name":"wp","href":"https:\/\/api.w.org\/{rel}","templated":true}]}}