{"id":1659,"date":"2018-04-12T09:59:36","date_gmt":"2018-04-12T09:59:36","guid":{"rendered":"http:\/\/www.joenessa.org\/?p=1659"},"modified":"2018-04-12T09:59:36","modified_gmt":"2018-04-12T09:59:36","slug":"oferta-de-practiques-universitaries-remunerades-a-traves-del-conselh-generau-daran","status":"publish","type":"post","link":"https:\/\/www.joenessa.org\/ca\/oferta-de-practiques-universitaries-remunerades-a-traves-del-conselh-generau-daran\/","title":{"rendered":"Oferta de pr\u00e0ctiques universit\u00e0ries remunerades a trav\u00e9s del Conselh Generau d\u2019Aran"},"content":{"rendered":"<p>El <strong>Conselh Generau d\u2019Aran<\/strong> a trav\u00e9s de <strong>\u201cPr\u00e0cticum ODISSEU\u201d<\/strong> ofereix la possibilitat a estudiants universitaris de <strong>realitzar pr\u00e0ctiques universit\u00e0ries remunerades d\u2019Open Data Project Manager amb una durada de 300 hores i data d\u2019inici prevista el 16 de juliol de 2018.<\/strong><\/p>\n<p><img decoding=\"async\" class=\"aligncenter size-full wp-image-1654\" src=\"http:\/\/www.joenessa.org\/wp-content\/uploads\/2018\/04\/odisseu.jpg\" alt=\"\" width=\"798\" height=\"396\" srcset=\"https:\/\/www.joenessa.org\/wp-content\/uploads\/2018\/04\/odisseu-200x99.jpg 200w, https:\/\/www.joenessa.org\/wp-content\/uploads\/2018\/04\/odisseu-300x149.jpg 300w, https:\/\/www.joenessa.org\/wp-content\/uploads\/2018\/04\/odisseu-400x198.jpg 400w, https:\/\/www.joenessa.org\/wp-content\/uploads\/2018\/04\/odisseu-600x298.jpg 600w, https:\/\/www.joenessa.org\/wp-content\/uploads\/2018\/04\/odisseu-768x381.jpg 768w, https:\/\/www.joenessa.org\/wp-content\/uploads\/2018\/04\/odisseu.jpg 798w\" sizes=\"(max-width: 798px) 100vw, 798px\" \/><\/p>\n<p>Les tasques a realitzar seran: redacci\u00f3, disseny, estructuraci\u00f3 i creaci\u00f3 d&#8217;un procediment Open Data. Recerca, recollida i tractament de dades p\u00fabliques i privades. Trasp\u00e0s a formats open source de les dades obtingudes a un portal web espec\u00edfic de Dades Obertes.<\/p>\n<p>Les pr\u00e0ctiques s\u2019adrecen a estudiants matriculats en: Inform\u00e1tica, Enginyeria, Telecomunicacions, Multim\u00e8dia, IT, IoT, Comunicaci\u00f3 o similar amb la idone\u00eftat de poder portar a terme l&#8217;objecte de la beca. Tamb\u00e9 es valoraran coneixements en tractament de dades, open source, ofim\u00e0tica, disseny web, comunicaci\u00f3 i gesti\u00f3 procedimental.<\/p>\n<p>El <strong>projecte ODISSEU<\/strong> est\u00e0 impulsat per la Direcci\u00f3 General de Desenvolupament Rural del Departament d\u2019Agricultura, Ramaderia, Pesca i Alimentaci\u00f3 (DARP) i la Direcci\u00f3 General de Joventut del Departament d\u2019Afers Socials i Fam\u00edlies de la Generalitat de Catalunya, a partir d\u2019una iniciativa conjunta de la Fundaci\u00f3 del M\u00f3n Rural i de l\u2019Associaci\u00f3 d\u2019Iniciatives Rurals de Catalunya, amb la col\u00b7laboraci\u00f3 dels Grups d\u2019Acci\u00f3 Local Leader de Catalunya i la xarxa de professionals de joventut.<\/p>\n<p>ODISSEU t\u00e9 l\u2019objectiu inicial de fomentar el retorn a les zones rurals d\u2019origen i l\u2019arrelament de joves formats\/ades, a trav\u00e9s del contacte i la implicaci\u00f3 dels principals agents que incideixen en la seva transici\u00f3: les universitats i centres de formaci\u00f3, les empreses locals, les institucions i administracions que intervenen en les pol\u00edtiques de desenvolupament rural, d\u2019ocupaci\u00f3 i de creaci\u00f3 d\u2019empreses i de joventut.<\/p>\n<p>El \u201cPr\u00e0cticum ODISSEU\u201d \u00e9s una iniciativa que promou les pr\u00e0ctiques universit\u00e0ries en empreses del m\u00f3n rural amb l\u2019objectiu de fomentar l\u2019arrelament del jovent al territori i frenar el despoblament dels municipis, sobretot de les \u00e0rees rurals del pa\u00eds, en les franges juvenils. Per fer-ho, posa en contacte el teixit empresarial del territori amb els joves estudiants perqu\u00e8 puguin obtenir la primera experi\u00e8ncia professional al seu territori rural d\u2019origen.<\/p>\n<p>En les dues edicions anteriors dels \u201cAjuts al Pr\u00e0cticum ODISSEU\u201d, un total de 55 joves han pogut realitzar les seves pr\u00e0ctiques en sectors i \u00e0mbits de treball tan diversos com el turisme, l\u2019enginyeria industrial, la comunicaci\u00f3 i l\u2019economia. Enguany, el \u201cPr\u00e0cticum\u201d t\u00e9 previst oferir fins a un m\u00e0xim de 45 ofertes de pr\u00e0ctiques universit\u00e0ries remunerades.<\/p>\n<p>En aquest sentit el Conselh Generau d&#8217;Aran ha aprovat recentment el Programa <strong>&#8220;Oficina de Govern Obert&#8221;<\/strong> que pret\u00e9n ser la palanca de canvi organitzativa, metodol\u00f2gica, procedimental i tecnol\u00f2gica que aconsegueixi un millor, m\u00e9s eficient i m\u00e9s efica\u00e7 servei telem\u00e0tic a la ciutadania. Aquesta acci\u00f3, emmarcada dins del programa de govern esmentat, pret\u00e9n ser l&#8217;inici d&#8217;un treball m\u00e9s profund i extens que faci del concepte \u201cDades Obertes\u201d un nou paradigma de treball p\u00fablic al servei de la ciutadania, de les entitats socials i culturals i les empreses, aix\u00ed com, un instrument que permeti el desenvolupament de nous conceptes, nova governan\u00e7a i m\u00e9s participaci\u00f3 ciutadana.<\/p>\n<p>A m\u00e9s de als joves interessats en fer pr\u00e0ctiques, el programa tamb\u00e9 es dirigeix al col\u00b7lectiu empresarial del m\u00f3n rural del pa\u00eds, que podr\u00e0 cobrir la seva oferta de pr\u00e0ctiques gr\u00e0cies als candidats del \u201cPr\u00e0cticum Odisseu\u201d. El disseny del programa permet que aquestes empreses tinguin acc\u00e9s a candidats amb formaci\u00f3 superior. Un fet que, a la vegada, els ajuda a incrementar la seva competitivitat empresarial.<\/p>\n<p>&nbsp;<\/p>\n<p>Els estudiants universitaris interessats en la realitzaci\u00f3 de les pr\u00e0ctiques es poden posar en contacte amb l\u2019Oficina de Joenessa del Conselh Generau d\u2019Aran a: <a href=\"http:\/\/www.joenessa.org\/contacte\/\">http:\/\/www.joenessa.org\/contacte\/<\/a><\/p>\n<p>&nbsp;<\/p>\n<p>Trobareu tota la informaci\u00f3 sobre les pr\u00e0ctiques a:\u00a0<a href=\"http:\/\/www.joenessa.org\/wp-content\/uploads\/2018\/04\/Formulari_arca_empreses2-2.pdf\">Formulari_arca_empreses2-2<\/a><\/p>\n<p>Tota la informaci\u00f3 del \u201cPr\u00e0cticum ODISSEU\u201d a: <a href=\"http:\/\/www.odisseujove.cat\">www.odisseujove.cat<\/a><\/p>\n<p>&nbsp;<\/p>\n<p>&nbsp;<\/p>\n<p>&nbsp;<\/p>\n","protected":false},"excerpt":{"rendered":"<p>El Conselh Generau d\u2019Aran a trav\u00e9s de \u201cPr\u00e0cticum ODISSEU\u201d ofereix [&hellip;]<\/p>\n","protected":false},"author":4,"featured_media":1654,"comment_status":"closed","ping_status":"open","sticky":false,"template":"","format":"standard","meta":[],"categories":[18,11],"tags":[],"_links":{"self":[{"href":"https:\/\/www.joenessa.org\/ca\/wp-json\/wp\/v2\/posts\/1659"}],"collection":[{"href":"https:\/\/www.joenessa.org\/ca\/wp-json\/wp\/v2\/posts"}],"about":[{"href":"https:\/\/www.joenessa.org\/ca\/wp-json\/wp\/v2\/types\/post"}],"author":[{"embeddable":true,"href":"https:\/\/www.joenessa.org\/ca\/wp-json\/wp\/v2\/users\/4"}],"replies":[{"embeddable":true,"href":"https:\/\/www.joenessa.org\/ca\/wp-json\/wp\/v2\/comments?post=1659"}],"version-history":[{"count":1,"href":"https:\/\/www.joenessa.org\/ca\/wp-json\/wp\/v2\/posts\/1659\/revisions"}],"predecessor-version":[{"id":1660,"href":"https:\/\/www.joenessa.org\/ca\/wp-json\/wp\/v2\/posts\/1659\/revisions\/1660"}],"wp:featuredmedia":[{"embeddable":true,"href":"https:\/\/www.joenessa.org\/ca\/wp-json\/wp\/v2\/media\/1654"}],"wp:attachment":[{"href":"https:\/\/www.joenessa.org\/ca\/wp-json\/wp\/v2\/media?parent=1659"}],"wp:term":[{"taxonomy":"category","embeddable":true,"href":"https:\/\/www.joenessa.org\/ca\/wp-json\/wp\/v2\/categories?post=1659"},{"taxonomy":"post_tag","embeddable":true,"href":"https:\/\/www.joenessa.org\/ca\/wp-json\/wp\/v2\/tags?post=1659"}],"curies":[{"name":"wp","href":"https:\/\/api.w.org\/{rel}","templated":true}]}}