{"id":1683,"date":"2018-04-12T11:22:53","date_gmt":"2018-04-12T11:22:53","guid":{"rendered":"http:\/\/www.joenessa.org\/?p=1683"},"modified":"2018-04-12T11:22:53","modified_gmt":"2018-04-12T11:22:53","slug":"comenca-el-periode-de-preinscripcio-i-matricula-dalumnes-als-centres-educatius-de-laran","status":"publish","type":"post","link":"https:\/\/www.joenessa.org\/ca\/comenca-el-periode-de-preinscripcio-i-matricula-dalumnes-als-centres-educatius-de-laran\/","title":{"rendered":"Comen\u00e7a el per\u00edode de preinscripci\u00f3 i matr\u00edcula d&#8217;alumnes als centres educatius de l\u2019Aran"},"content":{"rendered":"<p>Vielha, 12 d\u2019abril de 2018.- Dem\u00e0 divendres 13 d\u2019abril s\u2019obre el per\u00edode de preinscripci\u00f3 i matr\u00edcula d&#8217;alumnes als centres del Servei d&#8217;Educaci\u00f3 de la Val d\u2019Aran.<\/p>\n<p>La preinscripci\u00f3 i matricula \u00e9s per a l\u2019admissi\u00f3 d\u2019alumnes de segon cicle d&#8217;educaci\u00f3 infantil, d&#8217;educaci\u00f3 prim\u00e0ria, d&#8217;educaci\u00f3 secund\u00e0ria obligat\u00f2ria, de batxillerat, de formaci\u00f3 professional de grau mitj\u00e0 i de grau superior.<\/p>\n<p><img decoding=\"async\" class=\"aligncenter size-full wp-image-1679\" src=\"http:\/\/www.joenessa.org\/wp-content\/uploads\/2018\/04\/Dak10WxX4AYLXlE.jpg\" alt=\"\" width=\"858\" height=\"640\" srcset=\"https:\/\/www.joenessa.org\/wp-content\/uploads\/2018\/04\/Dak10WxX4AYLXlE-200x149.jpg 200w, https:\/\/www.joenessa.org\/wp-content\/uploads\/2018\/04\/Dak10WxX4AYLXlE-300x224.jpg 300w, https:\/\/www.joenessa.org\/wp-content\/uploads\/2018\/04\/Dak10WxX4AYLXlE-400x298.jpg 400w, https:\/\/www.joenessa.org\/wp-content\/uploads\/2018\/04\/Dak10WxX4AYLXlE-600x448.jpg 600w, https:\/\/www.joenessa.org\/wp-content\/uploads\/2018\/04\/Dak10WxX4AYLXlE-768x573.jpg 768w, https:\/\/www.joenessa.org\/wp-content\/uploads\/2018\/04\/Dak10WxX4AYLXlE-800x597.jpg 800w, https:\/\/www.joenessa.org\/wp-content\/uploads\/2018\/04\/Dak10WxX4AYLXlE.jpg 858w\" sizes=\"(max-width: 858px) 100vw, 858px\" \/><\/p>\n<p>En el cas de les escoles de la Val d\u2019Aran, <strong>dem\u00e0 13 d\u2019abril s\u2019obre el per\u00edode de matriculaci\u00f3 a \u00a0l\u2019escola de Vielha e Mijaran, i de preinscripci\u00f3 a les de Boss\u00f2st i Les.<\/strong><\/p>\n<p>El proc\u00e9s de preinscripci\u00f3 i matr\u00edcula s&#8217;inicia amb la publicaci\u00f3 de l&#8217;oferta inicial i finalitza amb la matriculaci\u00f3 de l&#8217;alumne. Cal presentar la sol\u00b7licitud de preinscripci\u00f3 en els casos seg\u00fcents:<\/p>\n<ul>\n<li>Per ser adm\u00e8s per primera vegada en un centre per cursar qualsevol ensenyament sufragat amb fons p\u00fablics.<\/li>\n<li>Per accedir al segon cicle d&#8217;educaci\u00f3 infantil.<\/li>\n<\/ul>\n<p>Pel que fa a <strong>ensenyaments de segon cicle d&#8217;educaci\u00f3 infantil, educaci\u00f3 prim\u00e0ria i educaci\u00f3 secund\u00e0ria obligat\u00f2ria (ESO), el per\u00edode de presentaci\u00f3 de sol\u00b7licituds \u00e9s del 13 al 24 d&#8217;abril de 2018, ambd\u00f3s inclosos. Es pot presentar documentaci\u00f3 fins al dia 25 d&#8217;abril de 2018.<\/strong><\/p>\n<p>En el cas de Batxillerat i Cicles formatius de formaci\u00f3 professional de grau mitj\u00e0 i de grau superior, el per\u00edode de presentaci\u00f3 de sol\u00b7licituds va del 14 al 24 de maig de 2018, ambd\u00f3s inclosos. Es pot presentar la documentaci\u00f3 fins al dia 28 de maig de 2018.<\/p>\n<p>Pel que fa a Programes de formaci\u00f3 i inserci\u00f3, el per\u00edode de presentaci\u00f3 de sol\u00b7licituds va del 14 al 25 de maig de 2018, ambd\u00f3s inclosos.<\/p>\n<p>Per obtenir una informaci\u00f3 m\u00e9s detallada o per aclarir qualsevol dubte us podeu adre\u00e7ar a l\u2019Oficina Joenessa de la Val d\u2019Aran, C\/Major 36, Vielha e Mijaran o contactar mitjan\u00e7ant correu electr\u00f2nic a <a href=\"mailto:joenessa@aran.org\">joenessa@aran.org<\/a> telf. 973 64 06 25. L\u2019horari d\u2019atenci\u00f3 \u00e9s de matins: de dilluns a divendres de 8 a 15 hores i tardes: dilluns i dimarts de 15.30 a 18 hores.<\/p>\n<p>&nbsp;<\/p>\n<p>Trobareu la informaci\u00f3 completa a:<\/p>\n<p>Aqu\u00ed <a href=\"http:\/\/queestudiar.gencat.cat\/ca\/preinscripcio\/\">http:\/\/queestudiar.gencat.cat\/ca\/preinscripcio\/<\/a>\u00a0 l\u2019enlla\u00e7 per a la preinscripci\u00f3 del Departament d\u2019Ensenyament de la Generalitat de Catalunya.<\/p>\n<p><a href=\"http:\/\/www.joenessa.org\/wp-content\/uploads\/2018\/04\/dogcENS6032018.pdf\">DOGC<\/a><\/p>\n","protected":false},"excerpt":{"rendered":"<p>Vielha, 12 d\u2019abril de 2018.- Dem\u00e0 divendres 13 d\u2019abril s\u2019obre [&hellip;]<\/p>\n","protected":false},"author":4,"featured_media":1679,"comment_status":"closed","ping_status":"open","sticky":false,"template":"","format":"standard","meta":[],"categories":[11],"tags":[],"_links":{"self":[{"href":"https:\/\/www.joenessa.org\/ca\/wp-json\/wp\/v2\/posts\/1683"}],"collection":[{"href":"https:\/\/www.joenessa.org\/ca\/wp-json\/wp\/v2\/posts"}],"about":[{"href":"https:\/\/www.joenessa.org\/ca\/wp-json\/wp\/v2\/types\/post"}],"author":[{"embeddable":true,"href":"https:\/\/www.joenessa.org\/ca\/wp-json\/wp\/v2\/users\/4"}],"replies":[{"embeddable":true,"href":"https:\/\/www.joenessa.org\/ca\/wp-json\/wp\/v2\/comments?post=1683"}],"version-history":[{"count":1,"href":"https:\/\/www.joenessa.org\/ca\/wp-json\/wp\/v2\/posts\/1683\/revisions"}],"predecessor-version":[{"id":1684,"href":"https:\/\/www.joenessa.org\/ca\/wp-json\/wp\/v2\/posts\/1683\/revisions\/1684"}],"wp:featuredmedia":[{"embeddable":true,"href":"https:\/\/www.joenessa.org\/ca\/wp-json\/wp\/v2\/media\/1679"}],"wp:attachment":[{"href":"https:\/\/www.joenessa.org\/ca\/wp-json\/wp\/v2\/media?parent=1683"}],"wp:term":[{"taxonomy":"category","embeddable":true,"href":"https:\/\/www.joenessa.org\/ca\/wp-json\/wp\/v2\/categories?post=1683"},{"taxonomy":"post_tag","embeddable":true,"href":"https:\/\/www.joenessa.org\/ca\/wp-json\/wp\/v2\/tags?post=1683"}],"curies":[{"name":"wp","href":"https:\/\/api.w.org\/{rel}","templated":true}]}}