{"id":1738,"date":"2018-05-10T11:25:28","date_gmt":"2018-05-10T11:25:28","guid":{"rendered":"http:\/\/www.joenessa.org\/?p=1738"},"modified":"2018-05-10T11:25:28","modified_gmt":"2018-05-10T11:25:28","slug":"taller-sobre-conductes-saludables-en-lalimentacio","status":"publish","type":"post","link":"https:\/\/www.joenessa.org\/ca\/taller-sobre-conductes-saludables-en-lalimentacio\/","title":{"rendered":"Taller sobre conductes saludables en l\u2019alimentaci\u00f3"},"content":{"rendered":"<p>L\u2019oficina de Joenessa del Conselh Generau d\u2019Aran organitza el proper dissabte dia 12 de maig a la tarda un taller participatiu per promoure conductes i estils de vida saludables en relaci\u00f3 a l\u2019alimentaci\u00f3.<\/p>\n<p>El taller que incorpora una xerrada sobre alimentaci\u00f3 saludable i etiquetatge de productes anir\u00e0 a c\u00e0rrec de la dietista i nutricionista <strong>Maria Riart<\/strong>.<\/p>\n<p>L\u2019activitat que \u00e9s oberta a tothom tindr\u00e0 lloc el <strong>dissabte dia 12 de maig a les 17h a l\u2019aula de formaci\u00f3 del Conselh Generau d\u2019Aran<\/strong>, carretera de Gausac, 1- Edifici Val d\u2019Aran.<\/p>\n<p>Per a m\u00e9s informaci\u00f3 us podeu adre\u00e7ar a l\u2019Oficina de Joenessa C\/ Major, 36 o b\u00e9 trucar al 973 640 625 o per correu electr\u00f2nic a <a href=\"mailto:joenessa@aran.org\">joenessa@aran.org<\/a>.<\/p>\n<p>El taller compta amb la col\u00b7laboraci\u00f3 de la Direcci\u00f3 General de Joventut de la Generalitat de Catalunya.<\/p>\n<p><img decoding=\"async\" class=\"aligncenter size-full wp-image-1734\" src=\"http:\/\/www.joenessa.org\/wp-content\/uploads\/2018\/05\/Charrada-dalimentacion-saludable-e-etiquetatge.jpg\" alt=\"\" width=\"3307\" height=\"2339\" srcset=\"https:\/\/www.joenessa.org\/wp-content\/uploads\/2018\/05\/Charrada-dalimentacion-saludable-e-etiquetatge-200x141.jpg 200w, https:\/\/www.joenessa.org\/wp-content\/uploads\/2018\/05\/Charrada-dalimentacion-saludable-e-etiquetatge-300x212.jpg 300w, https:\/\/www.joenessa.org\/wp-content\/uploads\/2018\/05\/Charrada-dalimentacion-saludable-e-etiquetatge-400x283.jpg 400w, https:\/\/www.joenessa.org\/wp-content\/uploads\/2018\/05\/Charrada-dalimentacion-saludable-e-etiquetatge-600x424.jpg 600w, https:\/\/www.joenessa.org\/wp-content\/uploads\/2018\/05\/Charrada-dalimentacion-saludable-e-etiquetatge-768x543.jpg 768w, https:\/\/www.joenessa.org\/wp-content\/uploads\/2018\/05\/Charrada-dalimentacion-saludable-e-etiquetatge-800x566.jpg 800w, https:\/\/www.joenessa.org\/wp-content\/uploads\/2018\/05\/Charrada-dalimentacion-saludable-e-etiquetatge-1024x724.jpg 1024w, https:\/\/www.joenessa.org\/wp-content\/uploads\/2018\/05\/Charrada-dalimentacion-saludable-e-etiquetatge-1200x849.jpg 1200w, https:\/\/www.joenessa.org\/wp-content\/uploads\/2018\/05\/Charrada-dalimentacion-saludable-e-etiquetatge.jpg 3307w\" sizes=\"(max-width: 3307px) 100vw, 3307px\" \/><\/p>\n","protected":false},"excerpt":{"rendered":"<p>L\u2019oficina de Joenessa del Conselh Generau d\u2019Aran organitza el proper [&hellip;]<\/p>\n","protected":false},"author":4,"featured_media":1734,"comment_status":"closed","ping_status":"closed","sticky":true,"template":"","format":"standard","meta":[],"categories":[],"tags":[],"_links":{"self":[{"href":"https:\/\/www.joenessa.org\/ca\/wp-json\/wp\/v2\/posts\/1738"}],"collection":[{"href":"https:\/\/www.joenessa.org\/ca\/wp-json\/wp\/v2\/posts"}],"about":[{"href":"https:\/\/www.joenessa.org\/ca\/wp-json\/wp\/v2\/types\/post"}],"author":[{"embeddable":true,"href":"https:\/\/www.joenessa.org\/ca\/wp-json\/wp\/v2\/users\/4"}],"replies":[{"embeddable":true,"href":"https:\/\/www.joenessa.org\/ca\/wp-json\/wp\/v2\/comments?post=1738"}],"version-history":[{"count":1,"href":"https:\/\/www.joenessa.org\/ca\/wp-json\/wp\/v2\/posts\/1738\/revisions"}],"predecessor-version":[{"id":1739,"href":"https:\/\/www.joenessa.org\/ca\/wp-json\/wp\/v2\/posts\/1738\/revisions\/1739"}],"wp:featuredmedia":[{"embeddable":true,"href":"https:\/\/www.joenessa.org\/ca\/wp-json\/wp\/v2\/media\/1734"}],"wp:attachment":[{"href":"https:\/\/www.joenessa.org\/ca\/wp-json\/wp\/v2\/media?parent=1738"}],"wp:term":[{"taxonomy":"category","embeddable":true,"href":"https:\/\/www.joenessa.org\/ca\/wp-json\/wp\/v2\/categories?post=1738"},{"taxonomy":"post_tag","embeddable":true,"href":"https:\/\/www.joenessa.org\/ca\/wp-json\/wp\/v2\/tags?post=1738"}],"curies":[{"name":"wp","href":"https:\/\/api.w.org\/{rel}","templated":true}]}}