{"id":1743,"date":"2018-05-11T12:08:18","date_gmt":"2018-05-11T12:08:18","guid":{"rendered":"http:\/\/www.joenessa.org\/?p=1743"},"modified":"2018-05-11T12:08:18","modified_gmt":"2018-05-11T12:08:18","slug":"tallers-dorientacio-organitzats-per-loficina-de-joenessa","status":"publish","type":"post","link":"https:\/\/www.joenessa.org\/ca\/tallers-dorientacio-organitzats-per-loficina-de-joenessa\/","title":{"rendered":"Tallers d\u2019orientaci\u00f3 organitzats per l\u2019Oficina de Joenessa"},"content":{"rendered":"<p>L\u2019oficina de Joenessa de la Val d\u2019Aran en col\u00b7laboraci\u00f3 amb els ajuntaments de Les i Boss\u00f2st, organitza sengles tallers d\u2019orientaci\u00f3 sobre l\u2019\u00fas d\u2019Instagram i sobre acompanyament (Coaching), adre\u00e7ats a pares i mares, professorat i educadors.<\/p>\n<p><img decoding=\"async\" class=\"aligncenter size-full wp-image-1741\" src=\"http:\/\/www.joenessa.org\/wp-content\/uploads\/2018\/05\/Instagram.jpg\" alt=\"\" width=\"794\" height=\"1123\" srcset=\"https:\/\/www.joenessa.org\/wp-content\/uploads\/2018\/05\/Instagram-200x283.jpg 200w, https:\/\/www.joenessa.org\/wp-content\/uploads\/2018\/05\/Instagram-212x300.jpg 212w, https:\/\/www.joenessa.org\/wp-content\/uploads\/2018\/05\/Instagram-400x566.jpg 400w, https:\/\/www.joenessa.org\/wp-content\/uploads\/2018\/05\/Instagram-600x849.jpg 600w, https:\/\/www.joenessa.org\/wp-content\/uploads\/2018\/05\/Instagram-724x1024.jpg 724w, https:\/\/www.joenessa.org\/wp-content\/uploads\/2018\/05\/Instagram-768x1086.jpg 768w, https:\/\/www.joenessa.org\/wp-content\/uploads\/2018\/05\/Instagram.jpg 794w\" sizes=\"(max-width: 794px) 100vw, 794px\" \/><\/p>\n<p>El primer dels tallers, sobre l\u2019\u00fas d\u2019Instagram, ser\u00e0 el proper <strong>dilluns dia 14 de maig a les 18:00h a l\u2019Escola Alejandro Casona de Les<\/strong> i anir\u00e0 a c\u00e0rrec d\u2019<strong>Olga Cuevas i Melis<\/strong>,\u00a0 M\u00e0ster en Dinamitzaci\u00f3 de la Societat de la Informaci\u00f3 per la UOC i Professora i desenvolupadora de cursos TIC en l\u00ednia i presencial.<\/p>\n<p>Instagram \u00e9s actualment la xarxa social preferida i m\u00e9s utilitzada pels adolescents. La fan servir per penjar fotos, per comunicar-se, per\u00f2 tamb\u00e9 per comparar i per difondre la seva vida i la dels altres. Depenent de l\u2019\u00fas que en facin, pot afectar la seva autoestima o les relacions amb l\u2019entorn?, Com pot afectar l\u2019\u00fas d\u2019Instagram en un futur?<\/p>\n<p>El segon dels tallers, sobre Coaching i com millorar l\u2019acompanyament als fills i filles, ser\u00e0 el <strong>dijous dia 17 de maig a les 17:15h a la sala de plens de l\u2019ajuntament de Boss\u00f2st<\/strong>. El taller-confer\u00e8ncia anir\u00e0 a c\u00e0rrec de <strong>Maria del Olmo<\/strong>, Psic\u00f2loga i formadora, amb l\u2019objectiu d\u2019oferir eines per afavorir el desenvolupament i enfortir els vincles entre pares i fills.<\/p>\n<p>D\u2019altra banda i tamb\u00e9 el dia 14 de maig es portar\u00e0 a terme un altre taller sobre Coaching amb els nens i nenes de l\u2019Escola Alejandro Casona de Les.<\/p>\n<p>Els tallers d\u2019orientaci\u00f3 de l\u2019Oficina de Joenessa del Conselh Generau d\u2019Aran compten amb el suport de la Direcci\u00f3 General de Joventut de la Generalitat de Catalunya i la Diputaci\u00f3 de Lleida.<\/p>\n<p>&nbsp;<\/p>\n<p>&nbsp;<\/p>\n<p>&nbsp;<\/p>\n","protected":false},"excerpt":{"rendered":"<p>L\u2019oficina de Joenessa de la Val d\u2019Aran en col\u00b7laboraci\u00f3 amb [&hellip;]<\/p>\n","protected":false},"author":4,"featured_media":1741,"comment_status":"closed","ping_status":"closed","sticky":false,"template":"","format":"standard","meta":[],"categories":[],"tags":[],"_links":{"self":[{"href":"https:\/\/www.joenessa.org\/ca\/wp-json\/wp\/v2\/posts\/1743"}],"collection":[{"href":"https:\/\/www.joenessa.org\/ca\/wp-json\/wp\/v2\/posts"}],"about":[{"href":"https:\/\/www.joenessa.org\/ca\/wp-json\/wp\/v2\/types\/post"}],"author":[{"embeddable":true,"href":"https:\/\/www.joenessa.org\/ca\/wp-json\/wp\/v2\/users\/4"}],"replies":[{"embeddable":true,"href":"https:\/\/www.joenessa.org\/ca\/wp-json\/wp\/v2\/comments?post=1743"}],"version-history":[{"count":1,"href":"https:\/\/www.joenessa.org\/ca\/wp-json\/wp\/v2\/posts\/1743\/revisions"}],"predecessor-version":[{"id":1744,"href":"https:\/\/www.joenessa.org\/ca\/wp-json\/wp\/v2\/posts\/1743\/revisions\/1744"}],"wp:featuredmedia":[{"embeddable":true,"href":"https:\/\/www.joenessa.org\/ca\/wp-json\/wp\/v2\/media\/1741"}],"wp:attachment":[{"href":"https:\/\/www.joenessa.org\/ca\/wp-json\/wp\/v2\/media?parent=1743"}],"wp:term":[{"taxonomy":"category","embeddable":true,"href":"https:\/\/www.joenessa.org\/ca\/wp-json\/wp\/v2\/categories?post=1743"},{"taxonomy":"post_tag","embeddable":true,"href":"https:\/\/www.joenessa.org\/ca\/wp-json\/wp\/v2\/tags?post=1743"}],"curies":[{"name":"wp","href":"https:\/\/api.w.org\/{rel}","templated":true}]}}