{"id":1753,"date":"2018-05-21T15:18:47","date_gmt":"2018-05-21T15:18:47","guid":{"rendered":"http:\/\/www.joenessa.org\/?p=1753"},"modified":"2018-05-21T15:18:47","modified_gmt":"2018-05-21T15:18:47","slug":"obert-el-termini-per-sol%c2%b7licitar-els-ajuts-per-a-estudiants-universitarises-de-la-val-daran-per-al-curs-20172018","status":"publish","type":"post","link":"https:\/\/www.joenessa.org\/ca\/obert-el-termini-per-sol%c2%b7licitar-els-ajuts-per-a-estudiants-universitarises-de-la-val-daran-per-al-curs-20172018\/","title":{"rendered":"Obert el termini per sol\u00b7licitar els ajuts per a estudiants universitaris\/es de la Val d&#8217;Aran per al curs 2017\/2018"},"content":{"rendered":"<p><strong>El per\u00edode per presentar les sol\u00b7licituds ser\u00e0 fins al proper dia 18 de juny de 2018<\/strong><\/p>\n<p>Vielha, 21 de maig de 2018.- El Conselh Generau d&#8217;Aran, mitjan\u00e7ant l&#8217;Oficina de Joventut, donar\u00e0 suport a la convocat\u00f2ria de les ajudes per als estudiants universitaris de les comarques de l&#8217;\u00e0mbit d&#8217;Aran i l&#8217;Alt Pirineu (APA).<\/p>\n<p><strong>Les beques s&#8217;adrecen a estudiants de les universitats p\u00fabliques catalanes.<\/strong><\/p>\n<p><img decoding=\"async\" class=\"aligncenter size-full wp-image-1748\" src=\"http:\/\/www.joenessa.org\/wp-content\/uploads\/2018\/05\/180521_AjudesestudiantsJoenessa.png\" alt=\"\" width=\"1201\" height=\"629\" srcset=\"https:\/\/www.joenessa.org\/wp-content\/uploads\/2018\/05\/180521_AjudesestudiantsJoenessa-200x105.png 200w, https:\/\/www.joenessa.org\/wp-content\/uploads\/2018\/05\/180521_AjudesestudiantsJoenessa-300x157.png 300w, https:\/\/www.joenessa.org\/wp-content\/uploads\/2018\/05\/180521_AjudesestudiantsJoenessa-400x209.png 400w, https:\/\/www.joenessa.org\/wp-content\/uploads\/2018\/05\/180521_AjudesestudiantsJoenessa-600x314.png 600w, https:\/\/www.joenessa.org\/wp-content\/uploads\/2018\/05\/180521_AjudesestudiantsJoenessa-768x402.png 768w, https:\/\/www.joenessa.org\/wp-content\/uploads\/2018\/05\/180521_AjudesestudiantsJoenessa-800x419.png 800w, https:\/\/www.joenessa.org\/wp-content\/uploads\/2018\/05\/180521_AjudesestudiantsJoenessa-1024x536.png 1024w, https:\/\/www.joenessa.org\/wp-content\/uploads\/2018\/05\/180521_AjudesestudiantsJoenessa-1200x628.png 1200w, https:\/\/www.joenessa.org\/wp-content\/uploads\/2018\/05\/180521_AjudesestudiantsJoenessa.png 1201w\" sizes=\"(max-width: 1201px) 100vw, 1201px\" \/><\/p>\n<p>Aquests ajuts es concediran per a la mobilitat, aquesta mobilitat s&#8217;ent\u00e9n com a despla\u00e7ament i allotjament fora de la comarca on es t\u00e9 la resid\u00e8ncia familiar. Poden ser beneficiaris els estudiants que compleixin els requisits que segueixen.<\/p>\n<p><strong>Requisits generals:<\/strong><\/p>\n<ol>\n<li>Tenir la nacionalitat espanyola o d&#8217;algun estat membre de la Uni\u00f3 Europea. En cas dels estudiants estrangers no-comunitaris han d&#8217;acreditar la seva condici\u00f3 de residents.<\/li>\n<li>Residir en una de les set comarques: Aran, Alt Urgell, l&#8217;Alta Ribagor\u00e7a, la Cerdanya, el Pallars Juss\u00e0, el Pallars Sobir\u00e0 i Solson\u00e8s, com a m\u00ednim des l&#8217;1 de gener del 2015.<\/li>\n<\/ol>\n<p><strong>Requisits acad\u00e8mics:<\/strong><\/p>\n<ol>\n<li>Estar inscrit o inscrita en una universitat del sistema universitari catal\u00e0 el curs 2017-2018 en uns estudis encaminats a l&#8217;obtenci\u00f3 d&#8217;un t\u00edtol oficial de grau, llicenciatura, enginyeria, arquitectura, diplomatura o ensenyaments universitaris t\u00e8cnics.<\/li>\n<li>Estar inscrit o inscrita en uns estudis que s&#8217;imparteixin de manera presencial.<\/li>\n<li>En els estudis de grau, estar inscrit o inscrita en el curs actual de 60 cr\u00e8dits, en el cas d&#8217;inscripci\u00f3 per al curs complet, o de 30 cr\u00e8dits, en els casos d&#8217;inscripci\u00f3 semestral, per cada semestre. En el cas d&#8217;estar inscrit en un nombre inferior de cr\u00e8dits, cal aportar una acreditaci\u00f3 del centre que justifica que s&#8217;ha inscrit del nombre m\u00e0xim de cr\u00e8dits d&#8217;acord amb l&#8217;organitzaci\u00f3 administrativa del centre. No poden acollir-se a aquella opci\u00f3 als alumnes que, pel seu rendiment acad\u00e8mic en els cursos anteriors, no s&#8217;hagin pogut inscriure al nombre de cr\u00e8dits previstos.<\/li>\n<li>Tenir superat el 80% dels cr\u00e8dits inscrits en el curs anterior o l&#8217;\u00faltim curs efectuat en els ensenyaments de les branques de coneixement d&#8217;arts i humanitats, ci\u00e8ncies, ci\u00e8ncies de la salut i ci\u00e8ncies socials i jur\u00eddiques i el 60%, en cas dels ensenyaments t\u00e8cnics de les branques de coneixement d&#8217;enginyeria i arquitectura, nom\u00e9s en cas de les persones sol\u00b7licitants que no inicien per primera vegada estudis universitaris el curs 2017-2018.<\/li>\n<li>Romanen exclosos d&#8217;aquesta convocat\u00f2ria les persones que tinguin alguna titulaci\u00f3 universit\u00e0ria superior i les persones que tinguin la independ\u00e8ncia familiar i econ\u00f2mica de la seva unitat familiar.<\/li>\n<\/ol>\n<p><strong>Requisits econ\u00f2mics:<\/strong><\/p>\n<p>Cal no sobrepassar els l\u00edmits de renda familiar disponible i de patrimoni establerts.<\/p>\n<p>L&#8217;import m\u00e0xim per a cada ajut ser\u00e0 de 2.000 euros.<\/p>\n<p><strong>Sol\u00b7licituds i documentaci\u00f3:<\/strong><\/p>\n<p>La sol\u00b7licitud ha de completar-se mitjan\u00e7ant el formulari accessible via internet a trav\u00e9s de la seu electr\u00f2nica de la Generalitat de Catalunya.<\/p>\n<p><strong>Documentaci\u00f3 a adjuntar:<\/strong><\/p>\n<ul>\n<li>Fotoc\u00f2pia del document nacional d&#8217;identitat del\/de la sol\u00b7licitant i de tots els membres computables de la unitat familiar majors de 14 anys.<\/li>\n<li>N\u00famero del compte bancari de la persona sol\u00b7licitant.<\/li>\n<li>Certificat municipal de conviv\u00e8ncia on consta la data d&#8217;inscripci\u00f3 en el padr\u00f3 de la persona sol\u00b7licitant en un municipi de les comarques esmentades, almenys des de l&#8217;1 de gener de 2015. En el cas que les persones s&#8217;hagin empadronat posteriorment a l&#8217;1 de gener de 2015, a m\u00e9s del certificat de conviv\u00e8ncia on consta la data d&#8217;alta del padr\u00f3 municipal de tota la unitat familiar, cal presentar la documentaci\u00f3 acreditativa del centre d&#8217;ensenyament on la persona sol\u00b7licitant ha estudiat el curs 2015-2016 i\/o qualsevol altra documentaci\u00f3 que sigui acreditativa d&#8217;aquesta circumst\u00e0ncia.<\/li>\n<li>Fotoc\u00f2pia de l&#8217;impr\u00e8s de la matr\u00edcula universit\u00e0ria corresponent al curs 2017-2018 amb l&#8217;acreditaci\u00f3 que s&#8217;ha fet efectiu el pagament. Si s&#8217;ha optat per la matr\u00edcula semestral, cal presentar el dels dos semestres.<\/li>\n<li>Fotoc\u00f2pia de l&#8217;impr\u00e8s de la matr\u00edcula universit\u00e0ria corresponent al curs 2016-2017. Si s&#8217;ha optat per la matr\u00edcula semestral, cal presentar el dels dos semestres (nom\u00e9s en cas de les persones sol\u00b7licitants que no inicien per primera vegada estudis universitaris el curs 2017-2018).<\/li>\n<li>Certificaci\u00f3 acad\u00e8mica completa, on consten les assignatures i la convocat\u00f2ria en qu\u00e8 s&#8217;han obtingut, en el cas de les persones sol\u00b7licitants que no cursen per primera vegada estudis universitaris. En aquesta certificaci\u00f3 tamb\u00e9 ha de constar, de manera clara, el total de cr\u00e8dits matriculats i el total de cr\u00e8dits aprovats en el curs acad\u00e8mic 2016-2017.<\/li>\n<li>En el cas de les persones sol\u00b7licitants que cursen per primera vegada estudis universitaris nota PAU.<\/li>\n<li>En els casos que l&#8217;estudiant no s&#8217;hagi matriculat de la quantitat de cr\u00e8dits exigits per la convocat\u00f2ria, cal justificar que s&#8217;ha matriculat del nombre m\u00e0xim de cr\u00e8dits d&#8217;acord amb l&#8217;organitzaci\u00f3 administrativa del centre o pel motiu de finalitzar els estudis.<\/li>\n<\/ul>\n<p>Per a que cap jove de la Val d&#8217;Aran es quedi sense poder participar en aquesta convocat\u00f2ria, l&#8217;Oficina de Joventut del Conselh Generau d&#8217;Aran facilitar\u00e0 la tramitaci\u00f3 de la documentaci\u00f3 d&#8217;aquesta l\u00ednia d\u2019ajuts.<\/p>\n<p><strong>Per sol\u00b7licitar aquest ajut poden dirigir-se a l&#8217;Oficina de Joventut, amb cita pr\u00e8via, situada al Carrer Major 36, en l&#8217;horari d&#8217;atenci\u00f3 al p\u00fablic: de dilluns a divendres de 08:00 a 15:00 hores. Tel\u00e8fon: 973640625 <\/strong><\/p>\n<p><strong>El termini per presentar les sol\u00b7licituds ser\u00e0 fins al proper dia 18 de juny de 2018.<\/strong><\/p>\n<p><a href=\"http:\/\/www.joenessa.org\/wp-content\/uploads\/2018\/05\/baseseguladores1673828.pdf\">Bases Reguladores<\/a><\/p>\n<p><a href=\"http:\/\/www.joenessa.org\/wp-content\/uploads\/2018\/05\/Convocat\u00f2ria.pdf\">Convocat\u00f2ria<\/a><\/p>\n","protected":false},"excerpt":{"rendered":"<p>El per\u00edode per presentar les sol\u00b7licituds ser\u00e0 fins al proper [&hellip;]<\/p>\n","protected":false},"author":4,"featured_media":1749,"comment_status":"closed","ping_status":"open","sticky":false,"template":"","format":"standard","meta":[],"categories":[11],"tags":[],"_links":{"self":[{"href":"https:\/\/www.joenessa.org\/ca\/wp-json\/wp\/v2\/posts\/1753"}],"collection":[{"href":"https:\/\/www.joenessa.org\/ca\/wp-json\/wp\/v2\/posts"}],"about":[{"href":"https:\/\/www.joenessa.org\/ca\/wp-json\/wp\/v2\/types\/post"}],"author":[{"embeddable":true,"href":"https:\/\/www.joenessa.org\/ca\/wp-json\/wp\/v2\/users\/4"}],"replies":[{"embeddable":true,"href":"https:\/\/www.joenessa.org\/ca\/wp-json\/wp\/v2\/comments?post=1753"}],"version-history":[{"count":1,"href":"https:\/\/www.joenessa.org\/ca\/wp-json\/wp\/v2\/posts\/1753\/revisions"}],"predecessor-version":[{"id":1754,"href":"https:\/\/www.joenessa.org\/ca\/wp-json\/wp\/v2\/posts\/1753\/revisions\/1754"}],"wp:featuredmedia":[{"embeddable":true,"href":"https:\/\/www.joenessa.org\/ca\/wp-json\/wp\/v2\/media\/1749"}],"wp:attachment":[{"href":"https:\/\/www.joenessa.org\/ca\/wp-json\/wp\/v2\/media?parent=1753"}],"wp:term":[{"taxonomy":"category","embeddable":true,"href":"https:\/\/www.joenessa.org\/ca\/wp-json\/wp\/v2\/categories?post=1753"},{"taxonomy":"post_tag","embeddable":true,"href":"https:\/\/www.joenessa.org\/ca\/wp-json\/wp\/v2\/tags?post=1753"}],"curies":[{"name":"wp","href":"https:\/\/api.w.org\/{rel}","templated":true}]}}