{"id":1781,"date":"2018-05-30T16:53:57","date_gmt":"2018-05-30T16:53:57","guid":{"rendered":"http:\/\/www.joenessa.org\/?p=1781"},"modified":"2018-05-30T16:53:57","modified_gmt":"2018-05-30T16:53:57","slug":"lescola-alejandro-casona-de-les-acull-els-tallers-de-loficina-de-joenessa","status":"publish","type":"post","link":"https:\/\/www.joenessa.org\/ca\/lescola-alejandro-casona-de-les-acull-els-tallers-de-loficina-de-joenessa\/","title":{"rendered":"L\u2019Escola Alejandro Casona de Les acull els tallers de l\u2019Oficina de Joenessa"},"content":{"rendered":"<p>Vielha, 30 de maig de 2018.- L\u2019Escola Alejandro Casona de Les ha esta el lloc on s\u2019han desenvolupat dos tallers organitzats per l\u2019Oficina de Joenessa de la Val d\u2019Aran, adre\u00e7ats a nens i nenes per una banda i a pares, mares i educadors per l\u2019altra.<\/p>\n<p><img decoding=\"async\" class=\"aligncenter size-full wp-image-1778\" src=\"http:\/\/www.joenessa.org\/wp-content\/uploads\/2018\/05\/IMG_1639.jpg\" alt=\"\" width=\"4032\" height=\"3024\" srcset=\"https:\/\/www.joenessa.org\/wp-content\/uploads\/2018\/05\/IMG_1639-200x150.jpg 200w, https:\/\/www.joenessa.org\/wp-content\/uploads\/2018\/05\/IMG_1639-300x225.jpg 300w, https:\/\/www.joenessa.org\/wp-content\/uploads\/2018\/05\/IMG_1639-400x300.jpg 400w, https:\/\/www.joenessa.org\/wp-content\/uploads\/2018\/05\/IMG_1639-600x450.jpg 600w, https:\/\/www.joenessa.org\/wp-content\/uploads\/2018\/05\/IMG_1639-768x576.jpg 768w, https:\/\/www.joenessa.org\/wp-content\/uploads\/2018\/05\/IMG_1639-800x600.jpg 800w, https:\/\/www.joenessa.org\/wp-content\/uploads\/2018\/05\/IMG_1639-1024x768.jpg 1024w, https:\/\/www.joenessa.org\/wp-content\/uploads\/2018\/05\/IMG_1639-1200x900.jpg 1200w, https:\/\/www.joenessa.org\/wp-content\/uploads\/2018\/05\/IMG_1639.jpg 4032w\" sizes=\"(max-width: 4032px) 100vw, 4032px\" \/><\/p>\n<p>El primer dels tallers, sobre coaching, el van realitzar dos grups de cicle mitj\u00e0 i cicle inicial de nens i nenes de l\u2019escola. Els tallers, d\u2019una hora de durada, van servir per treballar de manera din\u00e0mica i vivencial estrat\u00e8gies que permeten als m\u00e9s petits recon\u00e8ixer i gestionar les emocions. Les din\u00e0miques portades a terme van permetre als infants recon\u00e8ixer en la seva hist\u00f2ria de vida situacions que els han fet sentir les emocions b\u00e0siques (tristesa, por i alegria), explicar com es van sentir i la import\u00e0ncia de gestionar aquesta emoci\u00f3 a trav\u00e9s d&#8217;exercicis.<\/p>\n<p>El segon dels tallers adre\u00e7at a pares i mares i tamb\u00e9 educadors, amb el t\u00edtol de \u201cHe vist a l\u2019Instagram del teu fill que&#8230;\u201d, va servir per, de manera din\u00e0mica, posar en coneixement dels nombrosos assistents qu\u00e8 \u00e9s aquesta xarxa social, les possibilitats que ofereix i les estrat\u00e8gies per treballar com mares, pares i educadors amb els joves i els infants per fer un bon \u00fas d\u2019aquesta xarxa social.<\/p>\n<p><img decoding=\"async\" class=\"aligncenter size-full wp-image-1777\" src=\"http:\/\/www.joenessa.org\/wp-content\/uploads\/2018\/05\/IMG_1629.jpg\" alt=\"\" width=\"4032\" height=\"3024\" srcset=\"https:\/\/www.joenessa.org\/wp-content\/uploads\/2018\/05\/IMG_1629-200x150.jpg 200w, https:\/\/www.joenessa.org\/wp-content\/uploads\/2018\/05\/IMG_1629-300x225.jpg 300w, https:\/\/www.joenessa.org\/wp-content\/uploads\/2018\/05\/IMG_1629-400x300.jpg 400w, https:\/\/www.joenessa.org\/wp-content\/uploads\/2018\/05\/IMG_1629-600x450.jpg 600w, https:\/\/www.joenessa.org\/wp-content\/uploads\/2018\/05\/IMG_1629-768x576.jpg 768w, https:\/\/www.joenessa.org\/wp-content\/uploads\/2018\/05\/IMG_1629-800x600.jpg 800w, https:\/\/www.joenessa.org\/wp-content\/uploads\/2018\/05\/IMG_1629-1024x768.jpg 1024w, https:\/\/www.joenessa.org\/wp-content\/uploads\/2018\/05\/IMG_1629-1200x900.jpg 1200w, https:\/\/www.joenessa.org\/wp-content\/uploads\/2018\/05\/IMG_1629.jpg 4032w\" sizes=\"(max-width: 4032px) 100vw, 4032px\" \/><\/p>\n","protected":false},"excerpt":{"rendered":"<p>Vielha, 30 de maig de 2018.- L\u2019Escola Alejandro Casona de [&hellip;]<\/p>\n","protected":false},"author":4,"featured_media":1778,"comment_status":"closed","ping_status":"open","sticky":false,"template":"","format":"standard","meta":[],"categories":[11],"tags":[],"_links":{"self":[{"href":"https:\/\/www.joenessa.org\/ca\/wp-json\/wp\/v2\/posts\/1781"}],"collection":[{"href":"https:\/\/www.joenessa.org\/ca\/wp-json\/wp\/v2\/posts"}],"about":[{"href":"https:\/\/www.joenessa.org\/ca\/wp-json\/wp\/v2\/types\/post"}],"author":[{"embeddable":true,"href":"https:\/\/www.joenessa.org\/ca\/wp-json\/wp\/v2\/users\/4"}],"replies":[{"embeddable":true,"href":"https:\/\/www.joenessa.org\/ca\/wp-json\/wp\/v2\/comments?post=1781"}],"version-history":[{"count":1,"href":"https:\/\/www.joenessa.org\/ca\/wp-json\/wp\/v2\/posts\/1781\/revisions"}],"predecessor-version":[{"id":1782,"href":"https:\/\/www.joenessa.org\/ca\/wp-json\/wp\/v2\/posts\/1781\/revisions\/1782"}],"wp:featuredmedia":[{"embeddable":true,"href":"https:\/\/www.joenessa.org\/ca\/wp-json\/wp\/v2\/media\/1778"}],"wp:attachment":[{"href":"https:\/\/www.joenessa.org\/ca\/wp-json\/wp\/v2\/media?parent=1781"}],"wp:term":[{"taxonomy":"category","embeddable":true,"href":"https:\/\/www.joenessa.org\/ca\/wp-json\/wp\/v2\/categories?post=1781"},{"taxonomy":"post_tag","embeddable":true,"href":"https:\/\/www.joenessa.org\/ca\/wp-json\/wp\/v2\/tags?post=1781"}],"curies":[{"name":"wp","href":"https:\/\/api.w.org\/{rel}","templated":true}]}}