{"id":1831,"date":"2018-09-27T11:38:18","date_gmt":"2018-09-27T11:38:18","guid":{"rendered":"http:\/\/www.joenessa.org\/cors-de-gestion-de-hilats-sociaus-en-eteva\/"},"modified":"2018-09-27T11:40:41","modified_gmt":"2018-09-27T11:40:41","slug":"cors-de-gestion-de-hilats-sociaus-en-eteva","status":"publish","type":"post","link":"https:\/\/www.joenessa.org\/ca\/cors-de-gestion-de-hilats-sociaus-en-eteva\/","title":{"rendered":"Curs de gesti\u00f3 de xarxes socials a ETEVA"},"content":{"rendered":"<p>L\u2019Escola de T\u00e8cnics Esportius de la Val d\u2019Aran organitza un curs gratu\u00eft sobre gesti\u00f3 de xarxes socials i la seva aplicaci\u00f3 en la promoci\u00f3 d\u2019una marca o negoci.<\/p>\n<p>El curs es realitzar\u00e0 entre el <strong>8 i el 18 d\u2019octubre<\/strong> <strong>de 2018<\/strong> i t\u00e9 una durada de 30 hores. El curs compta amb el suport del Servei d\u2019Ocupaci\u00f3 de Catalunya i el Ministerio de Trabajo y Asuntos Sociales.<\/p>\n<p>Per a informaci\u00f3 i inscripcions telf. 973 64 45 95 i a <a href=\"mailto:informacion@eteva.org\">informacion@eteva.org<\/a>.<\/p>\n<p><img decoding=\"async\" class=\"aligncenter wp-image-1826 size-large\" src=\"http:\/\/www.joenessa.org\/wp-content\/uploads\/2018\/09\/hilats-sociaus-724x1024.jpg\" alt=\"\" width=\"724\" height=\"1024\" srcset=\"https:\/\/www.joenessa.org\/wp-content\/uploads\/2018\/09\/hilats-sociaus-200x283.jpg 200w, https:\/\/www.joenessa.org\/wp-content\/uploads\/2018\/09\/hilats-sociaus-212x300.jpg 212w, https:\/\/www.joenessa.org\/wp-content\/uploads\/2018\/09\/hilats-sociaus-400x566.jpg 400w, https:\/\/www.joenessa.org\/wp-content\/uploads\/2018\/09\/hilats-sociaus-600x849.jpg 600w, https:\/\/www.joenessa.org\/wp-content\/uploads\/2018\/09\/hilats-sociaus-724x1024.jpg 724w, https:\/\/www.joenessa.org\/wp-content\/uploads\/2018\/09\/hilats-sociaus-768x1086.jpg 768w, https:\/\/www.joenessa.org\/wp-content\/uploads\/2018\/09\/hilats-sociaus-800x1132.jpg 800w, https:\/\/www.joenessa.org\/wp-content\/uploads\/2018\/09\/hilats-sociaus-1200x1698.jpg 1200w, https:\/\/www.joenessa.org\/wp-content\/uploads\/2018\/09\/hilats-sociaus.jpg 1587w\" sizes=\"(max-width: 724px) 100vw, 724px\" \/><\/p>\n","protected":false},"excerpt":{"rendered":"<p>L\u2019Escola de T\u00e8cnics Esportius de la Val d\u2019Aran organitza un [&hellip;]<\/p>\n","protected":false},"author":4,"featured_media":1826,"comment_status":"closed","ping_status":"closed","sticky":true,"template":"","format":"standard","meta":[],"categories":[3],"tags":[],"_links":{"self":[{"href":"https:\/\/www.joenessa.org\/ca\/wp-json\/wp\/v2\/posts\/1831"}],"collection":[{"href":"https:\/\/www.joenessa.org\/ca\/wp-json\/wp\/v2\/posts"}],"about":[{"href":"https:\/\/www.joenessa.org\/ca\/wp-json\/wp\/v2\/types\/post"}],"author":[{"embeddable":true,"href":"https:\/\/www.joenessa.org\/ca\/wp-json\/wp\/v2\/users\/4"}],"replies":[{"embeddable":true,"href":"https:\/\/www.joenessa.org\/ca\/wp-json\/wp\/v2\/comments?post=1831"}],"version-history":[{"count":1,"href":"https:\/\/www.joenessa.org\/ca\/wp-json\/wp\/v2\/posts\/1831\/revisions"}],"predecessor-version":[{"id":1832,"href":"https:\/\/www.joenessa.org\/ca\/wp-json\/wp\/v2\/posts\/1831\/revisions\/1832"}],"wp:featuredmedia":[{"embeddable":true,"href":"https:\/\/www.joenessa.org\/ca\/wp-json\/wp\/v2\/media\/1826"}],"wp:attachment":[{"href":"https:\/\/www.joenessa.org\/ca\/wp-json\/wp\/v2\/media?parent=1831"}],"wp:term":[{"taxonomy":"category","embeddable":true,"href":"https:\/\/www.joenessa.org\/ca\/wp-json\/wp\/v2\/categories?post=1831"},{"taxonomy":"post_tag","embeddable":true,"href":"https:\/\/www.joenessa.org\/ca\/wp-json\/wp\/v2\/tags?post=1831"}],"curies":[{"name":"wp","href":"https:\/\/api.w.org\/{rel}","templated":true}]}}