{"id":1844,"date":"2018-10-16T16:29:41","date_gmt":"2018-10-16T16:29:41","guid":{"rendered":"http:\/\/www.joenessa.org\/?p=1844"},"modified":"2018-10-16T16:29:41","modified_gmt":"2018-10-16T16:29:41","slug":"contractes-de-practiques-remunerades-de-la-garantia-juvenil","status":"publish","type":"post","link":"https:\/\/www.joenessa.org\/ca\/contractes-de-practiques-remunerades-de-la-garantia-juvenil\/","title":{"rendered":"Contractes de pr\u00e0ctiques remunerades de la Garantia Juvenil"},"content":{"rendered":"<p>Vielha, 16 d\u2019octubre de 2018.- El Conselh Generau d\u2019Aran a trav\u00e9s del programa de la Garantia Juvenil ofereix la possibilitat a joves aranesos de m\u00e9s de 16 i menys de 29 anys de realitzar pr\u00e0ctiques remunerades.<\/p>\n<p>El termini per inscriure s\u2019hi acaba el divendres dia 26 d\u2019octubre. Les inscripcions es poden formalitzar a l\u2019OTG de VIelha (SOC) o consultar online i descarregar un certificat en pdf a <a href=\"http:\/\/bit.ly\/comprovaGJ\">http:\/\/bit.ly\/comprovaGJ<\/a><\/p>\n<p>Totes les persones interessades es poden informar a l\u2019Oficina de Joenessa C\/ Major, 36 de Vielha.<\/p>\n<p>No perdis aquesta oportunitat!<\/p>\n<p>M\u00e9s informaci\u00f3 a: <a href=\"http:\/\/garantiajuvenil.gencat.cat\/ca\/inici\/\">http:\/\/garantiajuvenil.gencat.cat\/ca\/inici\/<\/a><\/p>\n<p><img decoding=\"async\" class=\"aligncenter wp-image-1837 size-large\" src=\"http:\/\/www.joenessa.org\/wp-content\/uploads\/2018\/10\/GJ-4-724x1024.jpg\" alt=\"\" width=\"724\" height=\"1024\" srcset=\"https:\/\/www.joenessa.org\/wp-content\/uploads\/2018\/10\/GJ-4-200x283.jpg 200w, https:\/\/www.joenessa.org\/wp-content\/uploads\/2018\/10\/GJ-4-212x300.jpg 212w, https:\/\/www.joenessa.org\/wp-content\/uploads\/2018\/10\/GJ-4-400x566.jpg 400w, https:\/\/www.joenessa.org\/wp-content\/uploads\/2018\/10\/GJ-4-600x849.jpg 600w, https:\/\/www.joenessa.org\/wp-content\/uploads\/2018\/10\/GJ-4-724x1024.jpg 724w, https:\/\/www.joenessa.org\/wp-content\/uploads\/2018\/10\/GJ-4-768x1086.jpg 768w, https:\/\/www.joenessa.org\/wp-content\/uploads\/2018\/10\/GJ-4-800x1132.jpg 800w, https:\/\/www.joenessa.org\/wp-content\/uploads\/2018\/10\/GJ-4-1200x1698.jpg 1200w, https:\/\/www.joenessa.org\/wp-content\/uploads\/2018\/10\/GJ-4.jpg 1587w\" sizes=\"(max-width: 724px) 100vw, 724px\" \/><\/p>\n","protected":false},"excerpt":{"rendered":"<p>Vielha, 16 d\u2019octubre de 2018.- El Conselh Generau d\u2019Aran a [&hellip;]<\/p>\n","protected":false},"author":4,"featured_media":1837,"comment_status":"closed","ping_status":"closed","sticky":true,"template":"","format":"standard","meta":[],"categories":[3],"tags":[],"_links":{"self":[{"href":"https:\/\/www.joenessa.org\/ca\/wp-json\/wp\/v2\/posts\/1844"}],"collection":[{"href":"https:\/\/www.joenessa.org\/ca\/wp-json\/wp\/v2\/posts"}],"about":[{"href":"https:\/\/www.joenessa.org\/ca\/wp-json\/wp\/v2\/types\/post"}],"author":[{"embeddable":true,"href":"https:\/\/www.joenessa.org\/ca\/wp-json\/wp\/v2\/users\/4"}],"replies":[{"embeddable":true,"href":"https:\/\/www.joenessa.org\/ca\/wp-json\/wp\/v2\/comments?post=1844"}],"version-history":[{"count":1,"href":"https:\/\/www.joenessa.org\/ca\/wp-json\/wp\/v2\/posts\/1844\/revisions"}],"predecessor-version":[{"id":1845,"href":"https:\/\/www.joenessa.org\/ca\/wp-json\/wp\/v2\/posts\/1844\/revisions\/1845"}],"wp:featuredmedia":[{"embeddable":true,"href":"https:\/\/www.joenessa.org\/ca\/wp-json\/wp\/v2\/media\/1837"}],"wp:attachment":[{"href":"https:\/\/www.joenessa.org\/ca\/wp-json\/wp\/v2\/media?parent=1844"}],"wp:term":[{"taxonomy":"category","embeddable":true,"href":"https:\/\/www.joenessa.org\/ca\/wp-json\/wp\/v2\/categories?post=1844"},{"taxonomy":"post_tag","embeddable":true,"href":"https:\/\/www.joenessa.org\/ca\/wp-json\/wp\/v2\/tags?post=1844"}],"curies":[{"name":"wp","href":"https:\/\/api.w.org\/{rel}","templated":true}]}}