{"id":1180,"date":"2016-10-29T10:23:59","date_gmt":"2016-10-29T10:23:59","guid":{"rendered":"http:\/\/www.joenessa.org\/?p=1180"},"modified":"2017-01-31T10:35:14","modified_gmt":"2017-01-31T10:35:14","slug":"el-vicesindic-de-aran-luis-carlos-medina-se-reune-con-la-directora-general-de-juventud-marta-vilalta","status":"publish","type":"post","link":"https:\/\/www.joenessa.org\/es\/el-vicesindic-de-aran-luis-carlos-medina-se-reune-con-la-directora-general-de-juventud-marta-vilalta\/","title":{"rendered":"El vicesindic de Aran, Luis Carlos Medina, se re\u00fane con la directora general de Juventud, Marta Vilalta"},"content":{"rendered":"<ul>\n<li><strong>El vicesindic de Aran y la directora general de Juventud de la Generalitat de Catalu\u00f1a han anunciado que finalmente se podr\u00e1 contratar a cinco j\u00f3venes en pr\u00e1cticas profesionales para mejorar su curr\u00edculum.<\/strong><\/li>\n<li><strong>Estos contratos se enmarcan dentro del Programa Garant\u00eda Juvenil.<\/strong><\/li>\n<li><strong>Garant\u00eda Juvenil es una iniciativa de la Uni\u00f3n Europea para reducir el paro juvenil, que ofrece incentivos para la contrataci\u00f3n que se pueden compatibilizar con las subvenciones que prev\u00e9n los programas del SOC.<\/strong><\/li>\n<\/ul>\n<p>El vicesindic de Aran, <strong>Luis Carlos Medina<\/strong>, se ha reunido en la sede del Conselh Generau d\u2019Aran con la directora de Juventud de la Generalitat de Catalu\u00f1a, <strong>Marta Vilalta<\/strong>, que ha realizado una visita a la Val d\u2019Aran para conocer de primera mano las pol\u00edticas de juventud que realiza el Gov\u00e8rn de Aran.<\/p>\n<p>El Conselh Generau d\u2019Aran tiene transferida la competencia de Juventud y cuenta con una oficina de atenci\u00f3n a los j\u00f3venes para responder a sus oportunidades.<\/p>\n<p>&nbsp;<\/p>\n<p><img decoding=\"async\" class=\"aligncenter size-large wp-image-14540\" src=\"http:\/\/www.conselharan.org\/wp-content\/uploads\/2016\/10\/DSC_0440-1024x685.jpg\" sizes=\"(max-width: 1024px) 100vw, 1024px\" srcset=\"http:\/\/www.conselharan.org\/wp-content\/uploads\/2016\/10\/DSC_0440-1024x685.jpg 1024w, http:\/\/www.conselharan.org\/wp-content\/uploads\/2016\/10\/DSC_0440-300x201.jpg 300w, http:\/\/www.conselharan.org\/wp-content\/uploads\/2016\/10\/DSC_0440-768x514.jpg 768w\" alt=\"DSC_0440\" width=\"1024\" height=\"685\" \/><\/p>\n<p>&nbsp;<\/p>\n<p>Durante la reuni\u00f3n, donde tambi\u00e9n han asistido las t\u00e9cnicas del Departamento de Juventud del Conselh Generau d\u2019Aran: Vanessa Cun\u00ed, Estefan\u00eda Revilla, Estefania Deobarro y la coordinadora territorial de Juventud en Lleida, Esperan\u00e7a Casas; el vicesindic de Aran, Luis Carlos Medina , y la directora general de Juventud, Marta Vilalta, han publicitado que e<strong>l Gov\u00e8rn de Aran podr\u00e1 contratar a cinco j\u00f3venes en pr\u00e1cticas profesionales para mejorar su curr\u00edculum y facilitar su incorporaci\u00f3n en el mercado laboral. Estos contratos se enmarcan dentro del Programa Garant\u00eda Juvenil.<\/strong><\/p>\n<p>Garant\u00eda Juvenil es una iniciativa de la Uni\u00f3n Europea para reducir el paro juvenil, que ofrece incentivos para la contrataci\u00f3n que se pueden compatibilizar con las subvenciones que prev\u00e9n los programas del SOC. Con todo, se pueden reducir las cotizaciones sociales de la empresa hasta un 100% si se contratan j\u00f3venes inscritos en el programa. El objetivo de Garant\u00eda Juvenil es <strong>garantizar que j\u00f3venes de 16 a 29 a\u00f1os reciban una oferta de trabajo, educaci\u00f3n y formaci\u00f3n, en un plazo de 4 meses despu\u00e9s de finalizar la educaci\u00f3n formal<\/strong>. Garant\u00eda juvenil incluye un total de 100 medidas para facilitar la inserci\u00f3n de los j\u00f3venes en el mercado laboral, el fomento del esp\u00edritu emprendedor, as\u00ed como la mejora de la empleabilidad.<\/p>\n<p>Des del Departamento de Juventud del Conselh Generau d\u2019Aran se trabaja para conseguir los objetivos que marca el programa del Garant\u00eda Juvenil con la colaboraci\u00f3n de la Direcci\u00f3n General de Juventud de la Generalitat.<\/p>\n<p>&nbsp;<\/p>\n<p>&nbsp;<\/p>\n<p>&nbsp;<\/p>\n<p>&nbsp;<\/p>\n<p><em>Fuente:Conselh Generau d\u2019Aran<\/em><\/p>\n","protected":false},"excerpt":{"rendered":"<p>El vicesindic de Aran y la directora general de Juventud [&hellip;]<\/p>\n","protected":false},"author":3,"featured_media":1182,"comment_status":"open","ping_status":"open","sticky":false,"template":"","format":"standard","meta":[],"categories":[7],"tags":[],"_links":{"self":[{"href":"https:\/\/www.joenessa.org\/es\/wp-json\/wp\/v2\/posts\/1180"}],"collection":[{"href":"https:\/\/www.joenessa.org\/es\/wp-json\/wp\/v2\/posts"}],"about":[{"href":"https:\/\/www.joenessa.org\/es\/wp-json\/wp\/v2\/types\/post"}],"author":[{"embeddable":true,"href":"https:\/\/www.joenessa.org\/es\/wp-json\/wp\/v2\/users\/3"}],"replies":[{"embeddable":true,"href":"https:\/\/www.joenessa.org\/es\/wp-json\/wp\/v2\/comments?post=1180"}],"version-history":[{"count":1,"href":"https:\/\/www.joenessa.org\/es\/wp-json\/wp\/v2\/posts\/1180\/revisions"}],"predecessor-version":[{"id":1181,"href":"https:\/\/www.joenessa.org\/es\/wp-json\/wp\/v2\/posts\/1180\/revisions\/1181"}],"wp:featuredmedia":[{"embeddable":true,"href":"https:\/\/www.joenessa.org\/es\/wp-json\/wp\/v2\/media\/1182"}],"wp:attachment":[{"href":"https:\/\/www.joenessa.org\/es\/wp-json\/wp\/v2\/media?parent=1180"}],"wp:term":[{"taxonomy":"category","embeddable":true,"href":"https:\/\/www.joenessa.org\/es\/wp-json\/wp\/v2\/categories?post=1180"},{"taxonomy":"post_tag","embeddable":true,"href":"https:\/\/www.joenessa.org\/es\/wp-json\/wp\/v2\/tags?post=1180"}],"curies":[{"name":"wp","href":"https:\/\/api.w.org\/{rel}","templated":true}]}}