{"id":1681,"date":"2018-04-12T11:21:13","date_gmt":"2018-04-12T11:21:13","guid":{"rendered":"http:\/\/www.joenessa.org\/?p=1681"},"modified":"2018-04-12T11:21:13","modified_gmt":"2018-04-12T11:21:13","slug":"comienza-el-periodo-de-preinscripcion-y-matricula-de-alumnos-en-los-centros-educativos-de-aran","status":"publish","type":"post","link":"https:\/\/www.joenessa.org\/es\/comienza-el-periodo-de-preinscripcion-y-matricula-de-alumnos-en-los-centros-educativos-de-aran\/","title":{"rendered":"Comienza el periodo de preinscripci\u00f3n y matr\u00edcula de alumnos en los centros educativos de Aran"},"content":{"rendered":"<p>Vielha, 12 de abril de 2018.- Ma\u00f1ana viernes 13 de abril se abre el periodo de preinscripci\u00f3n y matr\u00edcula de alumnos en los centros del Servicio de Educaci\u00f3n del Valle de Aran.<\/p>\n<p>La preinscripci\u00f3n y matr\u00edcula es para la admisi\u00f3n de alumnos de segundo ciclo de educaci\u00f3n infantil, de educaci\u00f3n primaria, de educaci\u00f3n secundaria obligatoria, de bachillerato, de formaci\u00f3n profesional de grado medio y de grado superior.<\/p>\n<p><img decoding=\"async\" class=\"aligncenter size-full wp-image-1679\" src=\"http:\/\/www.joenessa.org\/wp-content\/uploads\/2018\/04\/Dak10WxX4AYLXlE.jpg\" alt=\"\" width=\"858\" height=\"640\" srcset=\"https:\/\/www.joenessa.org\/wp-content\/uploads\/2018\/04\/Dak10WxX4AYLXlE-200x149.jpg 200w, https:\/\/www.joenessa.org\/wp-content\/uploads\/2018\/04\/Dak10WxX4AYLXlE-300x224.jpg 300w, https:\/\/www.joenessa.org\/wp-content\/uploads\/2018\/04\/Dak10WxX4AYLXlE-400x298.jpg 400w, https:\/\/www.joenessa.org\/wp-content\/uploads\/2018\/04\/Dak10WxX4AYLXlE-600x448.jpg 600w, https:\/\/www.joenessa.org\/wp-content\/uploads\/2018\/04\/Dak10WxX4AYLXlE-768x573.jpg 768w, https:\/\/www.joenessa.org\/wp-content\/uploads\/2018\/04\/Dak10WxX4AYLXlE-800x597.jpg 800w, https:\/\/www.joenessa.org\/wp-content\/uploads\/2018\/04\/Dak10WxX4AYLXlE.jpg 858w\" sizes=\"(max-width: 858px) 100vw, 858px\" \/><\/p>\n<p>En el caso de las escuelas de la Val d&#8217;Aran, <strong>ma\u00f1ana 13 de abril se abre el periodo de matriculaci\u00f3n en la escuela de Vielha e Mijaran, y de preinscripci\u00f3n en las de Boss\u00f2st y Les.<\/strong><\/p>\n<p>El proceso de preinscripci\u00f3n y matr\u00edcula se inicia con la publicaci\u00f3n de la oferta inicial y finaliza con la matriculaci\u00f3n del alumno. Hay que presentar la solicitud de preinscripci\u00f3n en los casos siguientes:<\/p>\n<p>&#8211; Para ser admitido por primera vez en un centro para cursar cualquier ense\u00f1anza sufragada con fondos p\u00fablicos.<\/p>\n<p>&#8211; Para acceder al segundo ciclo de educaci\u00f3n infantil.<\/p>\n<p>En cuanto a <strong>las ense\u00f1anzas de segundo ciclo de educaci\u00f3n infantil, educaci\u00f3n primaria y educaci\u00f3n secundaria obligatoria (ESO), el periodo de presentaci\u00f3n de solicitudes es del 13 al 24 de abril de 2018, ambos incluidos. Se puede presentar documentaci\u00f3n hasta el d\u00eda 25 de abril de 2018.<\/strong><\/p>\n<p>En el caso de Bachillerato y Ciclos formativos de formaci\u00f3n profesional de grado medio y de grado superior, el periodo de presentaci\u00f3n de solicitudes va del 14 al 24 de mayo de 2018, ambos incluidos. Se puede presentar la documentaci\u00f3n hasta el d\u00eda 28 de mayo de 2018.<\/p>\n<p>En cuanto a Programas de formaci\u00f3n e inserci\u00f3n, el periodo de presentaci\u00f3n de solicitudes va del 14 al 25 de mayo de 2018, ambos incluidos.<\/p>\n<p>Para obtener una informaci\u00f3n m\u00e1s detallada o para aclarar cualquier duda pueden dirigirse a la Oficina Joenessa del Valle de Aran, C\/ Mayor 36, Vielha o contactar mediante correo electr\u00f3nico a <a href=\"mailto:joenessa@aran.org\">joenessa@aran.org<\/a> telf. 973 64 06 25. El horario de atenci\u00f3n es de ma\u00f1anas, de lunes a viernes de 8 a 15 horas y tardes, lunes y martes de 15.30 a 18 horas.<\/p>\n<p>Encontrar\u00e1 la informaci\u00f3n completa en:<\/p>\n<p>Aqu\u00ed <a href=\"http:\/\/queestudiar.gencat.cat\/ca\/preinscripcio\/\">http:\/\/queestudiar.gencat.cat\/ca\/preinscripcio\/<\/a> el enlace para la preinscripci\u00f3n del Departament d\u2019Ensenyament de la Generalitat de Catalunya.<\/p>\n<p><a href=\"http:\/\/www.joenessa.org\/wp-content\/uploads\/2018\/04\/dogcENS6032018.pdf\">DOGC<\/a><\/p>\n","protected":false},"excerpt":{"rendered":"<p>Vielha, 12 de abril de 2018.- Ma\u00f1ana viernes 13 de [&hellip;]<\/p>\n","protected":false},"author":4,"featured_media":1679,"comment_status":"closed","ping_status":"open","sticky":false,"template":"","format":"standard","meta":[],"categories":[7],"tags":[],"_links":{"self":[{"href":"https:\/\/www.joenessa.org\/es\/wp-json\/wp\/v2\/posts\/1681"}],"collection":[{"href":"https:\/\/www.joenessa.org\/es\/wp-json\/wp\/v2\/posts"}],"about":[{"href":"https:\/\/www.joenessa.org\/es\/wp-json\/wp\/v2\/types\/post"}],"author":[{"embeddable":true,"href":"https:\/\/www.joenessa.org\/es\/wp-json\/wp\/v2\/users\/4"}],"replies":[{"embeddable":true,"href":"https:\/\/www.joenessa.org\/es\/wp-json\/wp\/v2\/comments?post=1681"}],"version-history":[{"count":1,"href":"https:\/\/www.joenessa.org\/es\/wp-json\/wp\/v2\/posts\/1681\/revisions"}],"predecessor-version":[{"id":1682,"href":"https:\/\/www.joenessa.org\/es\/wp-json\/wp\/v2\/posts\/1681\/revisions\/1682"}],"wp:featuredmedia":[{"embeddable":true,"href":"https:\/\/www.joenessa.org\/es\/wp-json\/wp\/v2\/media\/1679"}],"wp:attachment":[{"href":"https:\/\/www.joenessa.org\/es\/wp-json\/wp\/v2\/media?parent=1681"}],"wp:term":[{"taxonomy":"category","embeddable":true,"href":"https:\/\/www.joenessa.org\/es\/wp-json\/wp\/v2\/categories?post=1681"},{"taxonomy":"post_tag","embeddable":true,"href":"https:\/\/www.joenessa.org\/es\/wp-json\/wp\/v2\/tags?post=1681"}],"curies":[{"name":"wp","href":"https:\/\/api.w.org\/{rel}","templated":true}]}}