{"id":1765,"date":"2018-05-22T11:53:25","date_gmt":"2018-05-22T11:53:25","guid":{"rendered":"http:\/\/www.joenessa.org\/?p=1765"},"modified":"2018-05-22T11:53:25","modified_gmt":"2018-05-22T11:53:25","slug":"convocatoria-para-la-solicitud-de-las-subvenciones-para-el-pago-del-alquiler-para-el-ano-2018","status":"publish","type":"post","link":"https:\/\/www.joenessa.org\/es\/convocatoria-para-la-solicitud-de-las-subvenciones-para-el-pago-del-alquiler-para-el-ano-2018\/","title":{"rendered":"Convocatoria para la solicitud de las subvenciones para el pago del alquiler para el a\u00f1o 2018"},"content":{"rendered":"<p><strong>El plazo de presentaci\u00f3n de solicitudes finaliza el 29 de junio de 2018<\/strong><\/p>\n<p><img decoding=\"async\" class=\"aligncenter size-full wp-image-1759\" src=\"http:\/\/www.joenessa.org\/wp-content\/uploads\/2018\/05\/180522_Subvencions-loguer-Joenessa.jpg\" alt=\"\" width=\"1201\" height=\"629\" srcset=\"https:\/\/www.joenessa.org\/wp-content\/uploads\/2018\/05\/180522_Subvencions-loguer-Joenessa-200x105.jpg 200w, https:\/\/www.joenessa.org\/wp-content\/uploads\/2018\/05\/180522_Subvencions-loguer-Joenessa-300x157.jpg 300w, https:\/\/www.joenessa.org\/wp-content\/uploads\/2018\/05\/180522_Subvencions-loguer-Joenessa-400x209.jpg 400w, https:\/\/www.joenessa.org\/wp-content\/uploads\/2018\/05\/180522_Subvencions-loguer-Joenessa-600x314.jpg 600w, https:\/\/www.joenessa.org\/wp-content\/uploads\/2018\/05\/180522_Subvencions-loguer-Joenessa-768x402.jpg 768w, https:\/\/www.joenessa.org\/wp-content\/uploads\/2018\/05\/180522_Subvencions-loguer-Joenessa-800x419.jpg 800w, https:\/\/www.joenessa.org\/wp-content\/uploads\/2018\/05\/180522_Subvencions-loguer-Joenessa-1024x536.jpg 1024w, https:\/\/www.joenessa.org\/wp-content\/uploads\/2018\/05\/180522_Subvencions-loguer-Joenessa-1200x628.jpg 1200w, https:\/\/www.joenessa.org\/wp-content\/uploads\/2018\/05\/180522_Subvencions-loguer-Joenessa.jpg 1201w\" sizes=\"(max-width: 1201px) 100vw, 1201px\" \/><\/p>\n<p>Vielha, 22 de mayo de 2018.- A partir de hoy y hasta el d\u00eda 29 de junio, se podr\u00e1n presentar las solicitudes para poder optar a las subvenciones en r\u00e9gimen de concurrencia competitiva para el pago de alquiler 2018, a trav\u00e9s de la Oficina de Juventud del Conselh Generau d\u2019Aran.<\/p>\n<p><strong>Para acceder a la concesi\u00f3n de estas subvenciones hay que cumplir los siguientes requisitos:<\/strong><\/p>\n<p>&#8211;\u00a0\u00a0\u00a0\u00a0\u00a0\u00a0\u00a0\u00a0\u00a0\u00a0 Acreditar la residencia legal en Catalu\u00f1a<\/p>\n<p>&#8211;\u00a0\u00a0\u00a0\u00a0\u00a0\u00a0\u00a0\u00a0\u00a0\u00a0 Tener unos ingresos (del a\u00f1o 2016) de la unidad de convivencia suficientes para poder pagar el alquiler y que no superen el m\u00e1ximo establecido en las bases de la convocatoria (excepto las v\u00edctimas de terrorismo).<\/p>\n<p>&#8211;\u00a0\u00a0\u00a0\u00a0\u00a0\u00a0\u00a0\u00a0\u00a0\u00a0 Ser titular del contrato de alquiler de la vivienda que constituye su vivienda habitual y permanente y estar empadronado.<\/p>\n<p>&#8211;\u00a0\u00a0\u00a0\u00a0\u00a0\u00a0\u00a0\u00a0\u00a0\u00a0 No pagar un alquiler mensual superior a: Demarcaci\u00f3n de Lleida: 400 \u20ac<\/p>\n<p>* Familias numerosas 900 \u20ac<\/p>\n<p>&#8211;\u00a0\u00a0\u00a0\u00a0\u00a0\u00a0\u00a0\u00a0\u00a0\u00a0 Haber domiciliado el cobro de la subvenci\u00f3n en una entidad financiera.<\/p>\n<p>&#8211;\u00a0\u00a0\u00a0\u00a0\u00a0\u00a0\u00a0\u00a0\u00a0\u00a0 Estar al corriente del pago de las rentas de alquiler en el momento de la presentaci\u00f3n de la solicitud.<\/p>\n<p>&#8211;\u00a0\u00a0\u00a0\u00a0\u00a0\u00a0\u00a0\u00a0\u00a0\u00a0 Pagar el alquiler mediante: transferencia bancaria, ingreso en la cuenta, recibo domiciliado o recibo emitido por el administrador de la finca, al menos a partir del mes siguiente a la fecha de presentaci\u00f3n de la solicitud.<\/p>\n<p>&#8211;\u00a0\u00a0\u00a0\u00a0\u00a0\u00a0\u00a0\u00a0\u00a0\u00a0 No estar sometido a ninguno de los supuestos de prohibici\u00f3n para ser beneficiario de subvenciones.<\/p>\n<p>&#8211;\u00a0\u00a0\u00a0\u00a0\u00a0\u00a0\u00a0\u00a0\u00a0\u00a0 Cumplir con las obligaciones tributarias ante el Estado, la Generalitat y la Seguridad Social.<\/p>\n<p>&nbsp;<\/p>\n<p><strong>Documentaci\u00f3n:<\/strong><\/p>\n<p>&#8211;\u00a0\u00a0\u00a0\u00a0\u00a0\u00a0\u00a0\u00a0\u00a0\u00a0 Fotocopia compulsada del DNI \/ NIF \/ NIE, o documento equivalente vigente de la persona solicitante y de todos los miembros que forman la unidad de convivencia.<\/p>\n<p>&#8211;\u00a0\u00a0\u00a0\u00a0\u00a0\u00a0\u00a0\u00a0\u00a0\u00a0 Certificado de convivencia que acredita el domicilio de la persona solicitante y de las personas que forman la unidad de convivencia.<\/p>\n<p>&#8211;\u00a0\u00a0\u00a0\u00a0\u00a0\u00a0\u00a0\u00a0\u00a0\u00a0 Justificante de ingresos de la persona solicitante y de cada uno de los miembros que integran la unidad de convivencia en edad laboral.<\/p>\n<p><strong>Los ingresos hay que acreditarlos como sigue:<\/strong><\/p>\n<p>&#8211;\u00a0\u00a0\u00a0\u00a0\u00a0\u00a0\u00a0\u00a0\u00a0\u00a0 Declaraci\u00f3n del impuesto sobre la renta de las personas f\u00edsicas (IRPF 2016) de la persona solicitante y de cada uno de los miembros que integran la unidad de convivencia en edad laboral.<\/p>\n<p>&#8211;\u00a0\u00a0\u00a0\u00a0\u00a0\u00a0\u00a0\u00a0\u00a0\u00a0 Certificado de imputaciones de la Agencia Estatal de Administraci\u00f3n Tributaria (AEAT).<\/p>\n<p>&#8211;\u00a0\u00a0\u00a0\u00a0\u00a0\u00a0\u00a0\u00a0\u00a0\u00a0 Declaraci\u00f3n responsable de ingresos anuales, en situaciones excepcionales, cuando la persona que solicite la subvenci\u00f3n o alguno de los miembros de la unidad de convivencia no puedan justificar los ingresos con la documentaci\u00f3n mencionada en los puntos anteriores.<\/p>\n<p>&#8211;\u00a0\u00a0\u00a0\u00a0\u00a0\u00a0\u00a0\u00a0\u00a0\u00a0 Informe socioecon\u00f3mico emitido por los servicios b\u00e1sicos de atenci\u00f3n social municipal en caso de que todos los ingresos de una unidad de convivencia se acrediten por medio de una declaraci\u00f3n responsable.<\/p>\n<p>&#8211;\u00a0\u00a0\u00a0\u00a0\u00a0\u00a0\u00a0\u00a0\u00a0\u00a0 Situaciones excepcionales, justificando los ingresos del a\u00f1o en curso, cuando la persona solicitante o alguno de los miembros que forman la unidad de convivencia hayan tenido un cambio importante en relaci\u00f3n con su situaci\u00f3n laboral o de ingresos en el per\u00edodo a acreditar, de acuerdo con la convocatoria.<\/p>\n<p>&#8211;\u00a0\u00a0\u00a0\u00a0\u00a0\u00a0\u00a0\u00a0\u00a0\u00a0 Informe de vida laboral, en los casos en que no se acrediten ingresos con la presentaci\u00f3n de la declaraci\u00f3n del IRPF correspondiente.<\/p>\n<p>&#8211;\u00a0\u00a0\u00a0\u00a0\u00a0\u00a0\u00a0\u00a0\u00a0\u00a0 Fotocopia compulsada del libro de familia.<\/p>\n<p>&#8211;\u00a0\u00a0\u00a0\u00a0\u00a0\u00a0\u00a0\u00a0\u00a0\u00a0 Fotocopia compulsada del contrato de alquiler a nombre de la persona solicitante.<\/p>\n<p>&#8211;\u00a0\u00a0\u00a0\u00a0\u00a0\u00a0\u00a0\u00a0\u00a0\u00a0 Fotocopia compulsada u original de todos los recibos de alquiler correspondiente al a\u00f1o 2018 (Debe poner: quien paga, quien cobra e importe).<\/p>\n<p>&#8211;\u00a0\u00a0\u00a0\u00a0\u00a0\u00a0\u00a0\u00a0\u00a0\u00a0 Solicitud a nombre del solicitante y firma de todas las personas de la unidad de convivencia (modelo).<\/p>\n<p>&#8211;\u00a0\u00a0\u00a0\u00a0\u00a0\u00a0\u00a0\u00a0\u00a0\u00a0 Hoja bancaria (modelo).<\/p>\n<p>&#8211;\u00a0\u00a0\u00a0\u00a0\u00a0\u00a0\u00a0\u00a0\u00a0\u00a0 Declaraci\u00f3n responsable (modelo).<\/p>\n<p>&#8211;\u00a0\u00a0\u00a0\u00a0\u00a0\u00a0\u00a0\u00a0\u00a0\u00a0 Acreditaci\u00f3n del Departamento de Bienestar Social y Familia, en el caso de personas con alguna discapacidad.<\/p>\n<p>&#8211;\u00a0\u00a0\u00a0\u00a0\u00a0\u00a0\u00a0\u00a0\u00a0\u00a0 Acreditaci\u00f3n de la condici\u00f3n de v\u00edctima de terrorismo.<\/p>\n<p>&#8211;\u00a0\u00a0\u00a0\u00a0\u00a0\u00a0\u00a0\u00a0\u00a0\u00a0 Fotocopia compulsada del t\u00edtulo de familia numerosa.<\/p>\n<p>&#8211;\u00a0\u00a0\u00a0\u00a0\u00a0\u00a0\u00a0\u00a0\u00a0\u00a0 Fotocopia compulsada del t\u00edtulo de familia monoparental.<\/p>\n<p>&#8211;\u00a0\u00a0\u00a0\u00a0\u00a0\u00a0\u00a0\u00a0\u00a0\u00a0 Documentaci\u00f3n acreditativa de ser persona joven ex-tutelada.<\/p>\n<p><strong>Plazos:<\/strong><\/p>\n<p><strong>El plazo de presentaci\u00f3n finaliza el 29 de junio de 2018.<\/strong><\/p>\n<p><strong>Para m\u00e1s informaci\u00f3n pueden dirigirse a la Oficina de Juventud del Conselh Generau d\u2019Aran, c\/Major, 36 de Vielha. O bien llamando al T. 973640625.<\/strong><\/p>\n<p><strong>Horario de atenci\u00f3n al p\u00fablico: lunes a viernes de 08:00 a 15:00 horas. Es indispensable pedir cita previa.<\/strong><\/p>\n<p>&nbsp;<\/p>\n","protected":false},"excerpt":{"rendered":"<p>El plazo de presentaci\u00f3n de solicitudes finaliza el 29 de [&hellip;]<\/p>\n","protected":false},"author":4,"featured_media":1759,"comment_status":"closed","ping_status":"open","sticky":false,"template":"","format":"standard","meta":[],"categories":[7],"tags":[],"_links":{"self":[{"href":"https:\/\/www.joenessa.org\/es\/wp-json\/wp\/v2\/posts\/1765"}],"collection":[{"href":"https:\/\/www.joenessa.org\/es\/wp-json\/wp\/v2\/posts"}],"about":[{"href":"https:\/\/www.joenessa.org\/es\/wp-json\/wp\/v2\/types\/post"}],"author":[{"embeddable":true,"href":"https:\/\/www.joenessa.org\/es\/wp-json\/wp\/v2\/users\/4"}],"replies":[{"embeddable":true,"href":"https:\/\/www.joenessa.org\/es\/wp-json\/wp\/v2\/comments?post=1765"}],"version-history":[{"count":1,"href":"https:\/\/www.joenessa.org\/es\/wp-json\/wp\/v2\/posts\/1765\/revisions"}],"predecessor-version":[{"id":1766,"href":"https:\/\/www.joenessa.org\/es\/wp-json\/wp\/v2\/posts\/1765\/revisions\/1766"}],"wp:featuredmedia":[{"embeddable":true,"href":"https:\/\/www.joenessa.org\/es\/wp-json\/wp\/v2\/media\/1759"}],"wp:attachment":[{"href":"https:\/\/www.joenessa.org\/es\/wp-json\/wp\/v2\/media?parent=1765"}],"wp:term":[{"taxonomy":"category","embeddable":true,"href":"https:\/\/www.joenessa.org\/es\/wp-json\/wp\/v2\/categories?post=1765"},{"taxonomy":"post_tag","embeddable":true,"href":"https:\/\/www.joenessa.org\/es\/wp-json\/wp\/v2\/tags?post=1765"}],"curies":[{"name":"wp","href":"https:\/\/api.w.org\/{rel}","templated":true}]}}