{"id":1878,"date":"2019-04-16T16:42:28","date_gmt":"2019-04-16T16:42:28","guid":{"rendered":"https:\/\/www.joenessa.org\/?p=1878"},"modified":"2019-04-16T17:12:55","modified_gmt":"2019-04-16T17:12:55","slug":"convocatoria-para-la-solicitud-de-las-subvenciones-para-el-pago-del-alquiler-para-el-ano-2019","status":"publish","type":"post","link":"https:\/\/www.joenessa.org\/es\/convocatoria-para-la-solicitud-de-las-subvenciones-para-el-pago-del-alquiler-para-el-ano-2019\/","title":{"rendered":"Convocatoria para la solicitud de las subvenciones para el pago del alquiler para el a\u00f1o 2019"},"content":{"rendered":"<p align=\"JUSTIFY\"><span style=\"font-family: Calibri, sans-serif;\"><span style=\"font-size: large;\"><b>El plazo de presentaci\u00f3n de solicitudes finaliza el 7 de junio de 2019<\/b><\/span><\/span><\/p>\n<p align=\"JUSTIFY\"><span style=\"font-family: Calibri, sans-serif;\">Vielha, 16 de abril de 2019.- A partir de hoy y hasta el d\u00eda 7 de junio, se podr\u00e1n presentar las solicitudes para poder optar a las subvenciones en r\u00e9gimen de concurrencia competitiva para el pago de alquiler 2019, a trav\u00e9s de la Oficina de Joenessa del Conselh Generau d\u2019Aran.<\/span><\/p>\n<p align=\"JUSTIFY\"><span style=\"font-family: Calibri, sans-serif;\"><b>Para acceder a la concesi\u00f3n de estas subvenciones hay que cumplir los siguientes requisitos:<\/b><\/span><\/p>\n<p align=\"JUSTIFY\"><span style=\"font-family: Calibri, sans-serif;\">&#8211; Acreditar la residencia legal en Catalunya.<\/span><\/p>\n<p align=\"JUSTIFY\"><span style=\"font-family: Calibri, sans-serif;\">&#8211; Tener unos ingresos (del a\u00f1o 2017) de la unidad de convivencia suficientes para poder pagar el alquiler y que no superen el m\u00e1ximo establecido en las bases de la convocatoria (excepto las v\u00edctimas de terrorismo).<\/span><\/p>\n<p align=\"JUSTIFY\"><span style=\"font-family: Calibri, sans-serif;\">&#8211; Ser titular del contrato de alquiler de la vivienda que constituye su vivienda habitual y permanente y estar empadronado.<\/span><\/p>\n<p align=\"JUSTIFY\"><span style=\"font-family: Calibri, sans-serif;\">&#8211; No pagar un alquiler mensual superior a: Demarcaci\u00f3n de Lleida: 450 \u20ac<\/span><\/p>\n<p align=\"JUSTIFY\"><span style=\"font-family: Calibri, sans-serif;\">* Familias numerosas 900 \u20ac<\/span><\/p>\n<p align=\"JUSTIFY\"><span style=\"font-family: Calibri, sans-serif;\">&#8211; Haber domiciliado el cobro de la subvenci\u00f3n en una entidad financiera.<\/span><\/p>\n<p align=\"JUSTIFY\"><span style=\"font-family: Calibri, sans-serif;\">&#8211; Estar al d\u00eda en el pago de las rentas de alquiler en el momento de la presentaci\u00f3n de la solicitud.<\/span><\/p>\n<p align=\"JUSTIFY\"><span style=\"font-family: Calibri, sans-serif;\">&#8211; Pagar el alquiler mediante: transferencia bancaria, ingreso en la cuenta, recibo domiciliado o recibo emitido por el administrador de la finca, al menos a partir del mes siguiente a la fecha de presentaci\u00f3n de la solicitud.<\/span><\/p>\n<p align=\"JUSTIFY\"><span style=\"font-family: Calibri, sans-serif;\">&#8211; No estar sometido a ninguno de los supuestos de prohibici\u00f3n para ser beneficiario de subvenciones.<\/span><\/p>\n<p align=\"JUSTIFY\"><span style=\"font-family: Calibri, sans-serif;\">&#8211; Cumplir con las obligaciones tributarias ante el Estado, la Generalitat y la Seguridad Social.<\/span><\/p>\n<p align=\"JUSTIFY\"><span style=\"font-family: Calibri, sans-serif;\"><b>Documentaci\u00f3n:<\/b><\/span><\/p>\n<p align=\"JUSTIFY\"><span style=\"font-family: Calibri, sans-serif;\">&#8211; DNI \/ NIF \/ NIE, o documento equivalente vigente de la persona solicitante y de todos los miembros que forman la unidad de convivencia.<\/span><\/p>\n<p align=\"JUSTIFY\"><span style=\"font-family: Calibri, sans-serif;\">&#8211; Certificado de convivencia que acredita el domicilio de la persona solicitante y de las personas que forman la unidad de convivencia.<\/span><\/p>\n<p align=\"JUSTIFY\"><span style=\"font-family: Calibri, sans-serif;\">&#8211; Justificante de los ingresos de la persona solicitante y de cada uno de los miembros que integran la unidad de convivencia en edad laboral. Los ingresos hay que acreditarlos como sigue:<\/span><\/p>\n<p align=\"JUSTIFY\"><span style=\"font-family: Calibri, sans-serif;\">&#8211; Declaraci\u00f3n del impuesto sobre la renta de las personas f\u00edsicas (IRPF 2017) de la persona solicitante y de cada uno de los miembros que integran la unidad de convivencia en edad laboral.<\/span><\/p>\n<p align=\"JUSTIFY\"><span style=\"font-family: Calibri, sans-serif;\">&#8211; Certificado de imputaciones de la Agencia Estatal de Administraci\u00f3n Tributaria (AEAT).<\/span><\/p>\n<p align=\"JUSTIFY\"><span style=\"font-family: Calibri, sans-serif;\">&#8211; Declaraci\u00f3n responsable de ingresos anuales, en situaciones excepcionales, cuando la persona que solicite la subvenci\u00f3n o alguno de los miembros de la unidad de convivencia no puedan justificar los ingresos con la documentaci\u00f3n mencionada en los puntos anteriores.<\/span><\/p>\n<p align=\"JUSTIFY\"><span style=\"font-family: Calibri, sans-serif;\">&#8211; Informe socioecon\u00f3mico emitido por los servicios b\u00e1sicos de atenci\u00f3n social municipal en caso de que todos los ingresos de una unidad de convivencia se acrediten por medio de una declaraci\u00f3n responsable.<\/span><\/p>\n<p align=\"JUSTIFY\"><span style=\"font-family: Calibri, sans-serif;\">&#8211; Situaciones excepcionales, Justificante los ingresos del a\u00f1o en curso, cuando la persona solicitante o alguno de los miembros que forman la unidad de convivencia hayan tenido un cambio importante en relaci\u00f3n con su situaci\u00f3n laboral o de ingresos en el per\u00edodo a acreditar, de acuerdo con la convocatoria.<\/span><\/p>\n<p align=\"JUSTIFY\"><span style=\"font-family: Calibri, sans-serif;\">&#8211; Informe de vida laboral, en los casos en que no se acrediten ingresos con la presentaci\u00f3n de la declaraci\u00f3n del IRPF correspondiente.<\/span><\/p>\n<p align=\"JUSTIFY\"><span style=\"font-family: Calibri, sans-serif;\">&#8211; Libro de familia, si es necesario.<\/span><\/p>\n<p align=\"JUSTIFY\"><span style=\"font-family: Calibri, sans-serif;\">&#8211; Contrato de alquiler a nombre de la persona solicitante.<\/span><\/p>\n<p align=\"JUSTIFY\"><span style=\"font-family: Calibri, sans-serif;\">&#8211; Recibos de alquiler correspondientes al a\u00f1o 2019 (Hay que poner: qui\u00e9n paga, qui\u00e9n cobra e importe).<\/span><\/p>\n<p align=\"JUSTIFY\"><span style=\"font-family: Calibri, sans-serif;\">&#8211; Solicitud a nombre del solicitante (modelo).<\/span><\/p>\n<p align=\"JUSTIFY\"><span style=\"font-family: Calibri, sans-serif;\">&#8211; Hoja bancaria (modelo).<\/span><\/p>\n<p align=\"JUSTIFY\"><span style=\"font-family: Calibri, sans-serif;\">&#8211; Declaraci\u00f3n responsable (modelo).<\/span><\/p>\n<p align=\"JUSTIFY\"><span style=\"font-family: Calibri, sans-serif;\">&#8211; Acreditaci\u00f3n del Departamento de Bienestar Social y Familia, en el caso de personas con alguna discapacidad.<\/span><\/p>\n<p align=\"JUSTIFY\"><span style=\"font-family: Calibri, sans-serif;\">&#8211; Acreditaci\u00f3n de la condici\u00f3n de v\u00edctima de violencia de g\u00e9nero.<\/span><\/p>\n<p align=\"JUSTIFY\"><span style=\"font-family: Calibri, sans-serif;\">&#8211; Acreditaci\u00f3n de la condici\u00f3n de v\u00edctima de terrorismo.<\/span><\/p>\n<p align=\"JUSTIFY\"><span style=\"font-family: Calibri, sans-serif;\">&#8211; T\u00edtulo de familia numerosa vigente.<\/span><\/p>\n<p align=\"JUSTIFY\"><span style=\"font-family: Calibri, sans-serif;\">&#8211; T\u00edtulo de familia monoparental vigente.<\/span><\/p>\n<p align=\"JUSTIFY\"><span style=\"font-family: Calibri, sans-serif;\">&#8211; Documentaci\u00f3n acreditativa de ser persona joven extutelada.<\/span><\/p>\n<p align=\"JUSTIFY\"><span style=\"font-family: Calibri, sans-serif;\"><b>Plazo:<\/b><\/span><\/p>\n<p align=\"JUSTIFY\"><span style=\"font-family: Calibri, sans-serif;\"><b>El plazo de presentaci\u00f3n finaliza el 7 de junio de 2019.<\/b><\/span><\/p>\n<p align=\"JUSTIFY\"><span style=\"font-family: Calibri, sans-serif;\">M\u00e1s informaci\u00f3n Oficina de Joenessa del Conselh Genera d\u2019Aran<\/span><\/p>\n<p align=\"JUSTIFY\"><span style=\"font-family: Calibri, sans-serif;\">C \/ Mayor, 36 de Vielha. 973640625.<\/span><\/p>\n<p align=\"JUSTIFY\"><span style=\"font-family: Calibri, sans-serif;\"><b>Horario de atenci\u00f3n al p\u00fablico: lunes a viernes de 08:00 a 15:00 horas.<\/b><\/span><\/p>\n<p align=\"JUSTIFY\"><span style=\"font-family: Calibri, sans-serif;\"><b>Con cita previa.<\/b><\/span><\/p>\n<p align=\"JUSTIFY\"><a href=\"https:\/\/www.joenessa.org\/wp-content\/uploads\/2019\/04\/Subvencions-Lloguer-pdf.pdf\"><img decoding=\"async\" class=\"alignnone wp-image-1882 size-full\" src=\"https:\/\/www.joenessa.org\/wp-content\/uploads\/2019\/04\/pdf-1.png\" alt=\"\" width=\"32\" height=\"32\" \/><\/a><a href=\"https:\/\/www.joenessa.org\/wp-content\/uploads\/2019\/04\/Subvencions-Lloguer-pdf.pdf\">Ver documento<\/a><\/p>\n","protected":false},"excerpt":{"rendered":"<p>El plazo de presentaci\u00f3n de solicitudes finaliza el 7 de [&hellip;]<\/p>\n","protected":false},"author":3,"featured_media":1881,"comment_status":"closed","ping_status":"open","sticky":false,"template":"","format":"standard","meta":[],"categories":[7],"tags":[],"_links":{"self":[{"href":"https:\/\/www.joenessa.org\/es\/wp-json\/wp\/v2\/posts\/1878"}],"collection":[{"href":"https:\/\/www.joenessa.org\/es\/wp-json\/wp\/v2\/posts"}],"about":[{"href":"https:\/\/www.joenessa.org\/es\/wp-json\/wp\/v2\/types\/post"}],"author":[{"embeddable":true,"href":"https:\/\/www.joenessa.org\/es\/wp-json\/wp\/v2\/users\/3"}],"replies":[{"embeddable":true,"href":"https:\/\/www.joenessa.org\/es\/wp-json\/wp\/v2\/comments?post=1878"}],"version-history":[{"count":3,"href":"https:\/\/www.joenessa.org\/es\/wp-json\/wp\/v2\/posts\/1878\/revisions"}],"predecessor-version":[{"id":1896,"href":"https:\/\/www.joenessa.org\/es\/wp-json\/wp\/v2\/posts\/1878\/revisions\/1896"}],"wp:featuredmedia":[{"embeddable":true,"href":"https:\/\/www.joenessa.org\/es\/wp-json\/wp\/v2\/media\/1881"}],"wp:attachment":[{"href":"https:\/\/www.joenessa.org\/es\/wp-json\/wp\/v2\/media?parent=1878"}],"wp:term":[{"taxonomy":"category","embeddable":true,"href":"https:\/\/www.joenessa.org\/es\/wp-json\/wp\/v2\/categories?post=1878"},{"taxonomy":"post_tag","embeddable":true,"href":"https:\/\/www.joenessa.org\/es\/wp-json\/wp\/v2\/tags?post=1878"}],"curies":[{"name":"wp","href":"https:\/\/api.w.org\/{rel}","templated":true}]}}